{"id":249,"date":"2014-07-12T05:00:00","date_gmt":"2014-07-12T05:00:00","guid":{"rendered":""},"modified":"2014-07-12T05:00:00","modified_gmt":"2014-07-12T05:00:00","slug":"la-vasectomia-incrementa-el-peligro-de-cancer-de-prostata","status":"publish","type":"post","link":"https:\/\/sertv.gob.pa\/nacionalfm\/la-vasectomia-incrementa-el-peligro-de-cancer-de-prostata\/","title":{"rendered":"La vasectom\u00eda incrementa el peligro de c\u00e1ncer de pr\u00f3stata"},"content":{"rendered":"<p>\nCient\u00edficos de Estados Unidos encontraron que los hombres que se han sometido a una vasectom\u00eda tienen un riesgo mayor de desarrollar c\u00e1ncer de pr\u00f3stata. <\/p>\n<p>En un estudio hecho a lo largo de 24 a\u00f1os, los investigadores de la universidad de Harvard concluyeron igualmente que el peligro de sufrir una de las formas m\u00e1s agresivas del c\u00e1ncer de pr\u00f3stata se aumentaba entre quienes se hicieron la vasectom\u00eda antes de cumplir 38 a\u00f1os. <\/p>\n<p>La investigaci\u00f3n, la mayor de este tipo efectuada hasta el momento, tom\u00f3 como muestra a 50.000 hombres. <\/p>\n<p>El de pr\u00f3stata es el c\u00e1ncer m\u00e1s com\u00fan entre los hombres.\u00a0 @nacionalFm <\/p>\n<p>\u00a0 <\/p>\n","protected":false},"excerpt":{"rendered":"<p>Cient\u00edficos de Estados Unidos encontraron que los hombres que se <a href=\"https:\/\/sertv.gob.pa\/nacionalfm\/la-vasectomia-incrementa-el-peligro-de-cancer-de-prostata\/\"> [&#8230;]<\/a><\/p>\n","protected":false},"author":1,"featured_media":250,"comment_status":"closed","ping_status":"closed","sticky":false,"template":"","format":"standard","meta":{"footnotes":""},"categories":[5],"tags":[],"class_list":["post-249","post","type-post","status-publish","format-standard","has-post-thumbnail","hentry","category-salud"],"_links":{"self":[{"href":"https:\/\/sertv.gob.pa\/nacionalfm\/wp-json\/wp\/v2\/posts\/249","targetHints":{"allow":["GET"]}}],"collection":[{"href":"https:\/\/sertv.gob.pa\/nacionalfm\/wp-json\/wp\/v2\/posts"}],"about":[{"href":"https:\/\/sertv.gob.pa\/nacionalfm\/wp-json\/wp\/v2\/types\/post"}],"author":[{"embeddable":true,"href":"https:\/\/sertv.gob.pa\/nacionalfm\/wp-json\/wp\/v2\/users\/1"}],"replies":[{"embeddable":true,"href":"https:\/\/sertv.gob.pa\/nacionalfm\/wp-json\/wp\/v2\/comments?post=249"}],"version-history":[{"count":0,"href":"https:\/\/sertv.gob.pa\/nacionalfm\/wp-json\/wp\/v2\/posts\/249\/revisions"}],"wp:featuredmedia":[{"embeddable":true,"href":"https:\/\/sertv.gob.pa\/nacionalfm\/wp-json\/wp\/v2\/media\/250"}],"wp:attachment":[{"href":"https:\/\/sertv.gob.pa\/nacionalfm\/wp-json\/wp\/v2\/media?parent=249"}],"wp:term":[{"taxonomy":"category","embeddable":true,"href":"https:\/\/sertv.gob.pa\/nacionalfm\/wp-json\/wp\/v2\/categories?post=249"},{"taxonomy":"post_tag","embeddable":true,"href":"https:\/\/sertv.gob.pa\/nacionalfm\/wp-json\/wp\/v2\/tags?post=249"}],"curies":[{"name":"wp","href":"https:\/\/api.w.org\/{rel}","templated":true}]}}