{"id":24910,"date":"2017-11-02T17:07:15","date_gmt":"2017-11-02T17:07:15","guid":{"rendered":""},"modified":"2017-11-02T17:07:15","modified_gmt":"2017-11-02T17:07:15","slug":"alcaldia-de-panama-dicta-medidas-para-conmemoracion-de-fiestas-patrias","status":"publish","type":"post","link":"https:\/\/sertv.gob.pa\/nacionalfm\/alcaldia-de-panama-dicta-medidas-para-conmemoracion-de-fiestas-patrias\/","title":{"rendered":"Alcald\u00eda de Panam\u00e1 dicta medidas para conmemoraci\u00f3n de Fiestas Patrias"},"content":{"rendered":"<p>\nLa Alcald\u00eda de Panam\u00e1, con el deber que le corresponde, dicta ciertas medidas que garanticen la seguridad de la ciudadan\u00eda, para que puedan disfrutar en armon\u00eda de los actos c\u00edvicos y patri\u00f3ticos en homenaje a la Patria. En ese sentido mediante el Decreto Alcaldicio n\u00famero 21-2017 de 25 de octubre de 2017 proh\u00edbe la venta y consumo de bebidas alcoh\u00f3licas en la ruta establecida para los desfiles patrios durante los d\u00edas 3 y 4 de noviembre, as\u00ed como los ubicados en las \u00e1reas aleda\u00f1as al mismo. <\/p>\n<p>El ejercicio de la buhoner\u00eda, durante los d\u00edas 3 y 4 de noviembre, en las zonas de los desfiles, requiere de permiso especial expedido por la Alcald\u00eda de Panam\u00e1, previa coordinaci\u00f3n con el Ministerio de Educaci\u00f3n en cuanto a la asignaci\u00f3n de espacio. Las personas que no cuenten con el permiso ser\u00e1n sancionadas y se ordenar\u00e1 el retiro del \u00e1rea de los desfiles y la retenci\u00f3n de la mercanc\u00eda.\u00a0\u00a0 <\/p>\n<p>Se proh\u00edbe el uso de fogones y tanques de gas a lo largo de la ruta del desfile. <\/p>\n<p>Para las actividades que generen ruido de manera temporal, emitidos por equipos de sonido y audio, con motivo de las fiestas patrias se establece el siguiente horario especial: <\/p>\n<p> Actividades de car\u00e1cter comercial, recreativo, social o ben\u00e9fico que genere ruido de manera temporal, \u00a0viernes 3 y s\u00e1bado 4 de noviembre, entre las 6 de la ma\u00f1ana y las 4 de la tarde; domingo 5 de noviembre entre las 6 de la ma\u00f1ana y las 3 de la tarde; viernes 10 de noviembre entre las 6 de la ma\u00f1ana a las 11:59 de la noche; martes 28 de noviembre entre las 5 de la ma\u00f1ana a las 11:59 de la noche. <\/p>\n<p> Celebraciones, reuniones o actividades familiares, recreativas o sociales que generen ruido temporal,\u00a0 viernes 3 y s\u00e1bado 4 de noviembre entre las 6 de la ma\u00f1ana a las 12 de la madrugada; domingo 5 de noviembre entre las 6 de la ma\u00f1ana a las 11:59 de la noche; viernes 10 de noviembre entre las 6 de la ma\u00f1ana a las 11:59 de la noche; martes 28 de noviembre entre las 6 de la ma\u00f1ana a las 11:59 de la noche. <\/p>\n<p>El anterior horario no se aplica a las dianas que se realicen para rendir tributo a la Patria, siempre y cuando no empleen ninguna clase de equipos de audio y sonido para generar ruido. <\/p>\n<p>Las dianas que se organicen en locales o establecimientos comerciales o en espacios p\u00fablicos deben contar con el permiso de la Alcald\u00eda de Panam\u00e1. Las personas que organicen dianas sin contar con el permiso ser\u00e1n sancionadas y se proceder\u00e1 a la suspensi\u00f3n inmediata de la actividad. <\/p>\n<p>La alcald\u00eda de Panam\u00e1 faculta a las corregidur\u00edas de turno (Curund\u00fa, Pueblo Nuevo y Tocumen), los d\u00edas 3 y 4 de noviembre, a la Polic\u00eda Nacional, a los Inspectores Municipales y Vigilantes Municipales para el efectivo cumplimiento de las normas establecidas en el Decreto n\u00famero 21-2017 de 27 de octubre de 2017. <\/p>\n<p>Est\u00e1n habilitados los corregidores de Pedregal, Chilibre, Las Ma\u00f1anitas y Pacora el d\u00eda 3 de noviembre y los corregidores de Betania, Ernesto C\u00f3rdoba Campos, San Felipe y Calidonia el d\u00eda 4 de noviembre en horario de 9 de la ma\u00f1ana a 6 de la tarde para coadyuvar en la conservaci\u00f3n del orden p\u00fablico en la ruta de los desfiles. <\/p>\n<p>\u00a0 <\/p>\n","protected":false},"excerpt":{"rendered":"<p>La Alcald\u00eda de Panam\u00e1, con el deber que le corresponde, <a href=\"https:\/\/sertv.gob.pa\/nacionalfm\/alcaldia-de-panama-dicta-medidas-para-conmemoracion-de-fiestas-patrias\/\"> [&#8230;]<\/a><\/p>\n","protected":false},"author":1,"featured_media":24911,"comment_status":"closed","ping_status":"closed","sticky":false,"template":"","format":"standard","meta":{"footnotes":""},"categories":[2],"tags":[],"class_list":["post-24910","post","type-post","status-publish","format-standard","has-post-thumbnail","hentry","category-nacionales"],"_links":{"self":[{"href":"https:\/\/sertv.gob.pa\/nacionalfm\/wp-json\/wp\/v2\/posts\/24910","targetHints":{"allow":["GET"]}}],"collection":[{"href":"https:\/\/sertv.gob.pa\/nacionalfm\/wp-json\/wp\/v2\/posts"}],"about":[{"href":"https:\/\/sertv.gob.pa\/nacionalfm\/wp-json\/wp\/v2\/types\/post"}],"author":[{"embeddable":true,"href":"https:\/\/sertv.gob.pa\/nacionalfm\/wp-json\/wp\/v2\/users\/1"}],"replies":[{"embeddable":true,"href":"https:\/\/sertv.gob.pa\/nacionalfm\/wp-json\/wp\/v2\/comments?post=24910"}],"version-history":[{"count":0,"href":"https:\/\/sertv.gob.pa\/nacionalfm\/wp-json\/wp\/v2\/posts\/24910\/revisions"}],"wp:featuredmedia":[{"embeddable":true,"href":"https:\/\/sertv.gob.pa\/nacionalfm\/wp-json\/wp\/v2\/media\/24911"}],"wp:attachment":[{"href":"https:\/\/sertv.gob.pa\/nacionalfm\/wp-json\/wp\/v2\/media?parent=24910"}],"wp:term":[{"taxonomy":"category","embeddable":true,"href":"https:\/\/sertv.gob.pa\/nacionalfm\/wp-json\/wp\/v2\/categories?post=24910"},{"taxonomy":"post_tag","embeddable":true,"href":"https:\/\/sertv.gob.pa\/nacionalfm\/wp-json\/wp\/v2\/tags?post=24910"}],"curies":[{"name":"wp","href":"https:\/\/api.w.org\/{rel}","templated":true}]}}