{"id":2502,"date":"2014-11-09T05:00:00","date_gmt":"2014-11-09T05:00:00","guid":{"rendered":""},"modified":"2014-11-09T05:00:00","modified_gmt":"2014-11-09T05:00:00","slug":"poliomielitis-en-pakistan-alcanza-maximo-nivel","status":"publish","type":"post","link":"https:\/\/sertv.gob.pa\/nacionalfm\/poliomielitis-en-pakistan-alcanza-maximo-nivel\/","title":{"rendered":"Poliomielitis en Pakist\u00e1n alcanza m\u00e1ximo nivel"},"content":{"rendered":"<p>\nSeg\u00fan la Organizaci\u00f3n Mundial de la Salud (OMS), la incidencia de la poliomielitis en Pakist\u00e1n alcanz\u00f3 su nivel m\u00e1ximo de los \u00faltimos 15 a\u00f1os. <\/p>\n<p>Mientras el gobierno de Pakist\u00e1n se propone deshacerse de la enfermedad en seis meses, el Talib\u00e1n hace campa\u00f1a para matar a los trabajadores que distribuyen vacunas. <\/p>\n<p>Los milicianos islamistas acusan a los distribuidores de vacunas de actuar como esp\u00edas. <\/p>\n<p>\u00a0 <\/p>\n","protected":false},"excerpt":{"rendered":"<p>Seg\u00fan la Organizaci\u00f3n Mundial de la Salud (OMS), la incidencia <a href=\"https:\/\/sertv.gob.pa\/nacionalfm\/poliomielitis-en-pakistan-alcanza-maximo-nivel\/\"> [&#8230;]<\/a><\/p>\n","protected":false},"author":1,"featured_media":2503,"comment_status":"closed","ping_status":"closed","sticky":false,"template":"","format":"standard","meta":{"footnotes":""},"categories":[5],"tags":[],"class_list":["post-2502","post","type-post","status-publish","format-standard","has-post-thumbnail","hentry","category-salud"],"_links":{"self":[{"href":"https:\/\/sertv.gob.pa\/nacionalfm\/wp-json\/wp\/v2\/posts\/2502","targetHints":{"allow":["GET"]}}],"collection":[{"href":"https:\/\/sertv.gob.pa\/nacionalfm\/wp-json\/wp\/v2\/posts"}],"about":[{"href":"https:\/\/sertv.gob.pa\/nacionalfm\/wp-json\/wp\/v2\/types\/post"}],"author":[{"embeddable":true,"href":"https:\/\/sertv.gob.pa\/nacionalfm\/wp-json\/wp\/v2\/users\/1"}],"replies":[{"embeddable":true,"href":"https:\/\/sertv.gob.pa\/nacionalfm\/wp-json\/wp\/v2\/comments?post=2502"}],"version-history":[{"count":0,"href":"https:\/\/sertv.gob.pa\/nacionalfm\/wp-json\/wp\/v2\/posts\/2502\/revisions"}],"wp:featuredmedia":[{"embeddable":true,"href":"https:\/\/sertv.gob.pa\/nacionalfm\/wp-json\/wp\/v2\/media\/2503"}],"wp:attachment":[{"href":"https:\/\/sertv.gob.pa\/nacionalfm\/wp-json\/wp\/v2\/media?parent=2502"}],"wp:term":[{"taxonomy":"category","embeddable":true,"href":"https:\/\/sertv.gob.pa\/nacionalfm\/wp-json\/wp\/v2\/categories?post=2502"},{"taxonomy":"post_tag","embeddable":true,"href":"https:\/\/sertv.gob.pa\/nacionalfm\/wp-json\/wp\/v2\/tags?post=2502"}],"curies":[{"name":"wp","href":"https:\/\/api.w.org\/{rel}","templated":true}]}}