{"id":2512,"date":"2014-11-11T05:00:00","date_gmt":"2014-11-11T05:00:00","guid":{"rendered":""},"modified":"2014-11-11T05:00:00","modified_gmt":"2014-11-11T05:00:00","slug":"manual-para-entierros-por-ebola-emite-la-oms","status":"publish","type":"post","link":"https:\/\/sertv.gob.pa\/nacionalfm\/manual-para-entierros-por-ebola-emite-la-oms\/","title":{"rendered":"Manual para entierros por \u00e9bola emite la OMS"},"content":{"rendered":"<p>\nLa Organizaci\u00f3n Mundial de la Salud dio a conocer un manual que explica en detalle c\u00f3mo enterrar a personas que han fallecido de \u00e9bola de forma que no contagien a los vivos. <\/p>\n<p>El especialista en \u00e9bola de la OMS, Pierre Formenty, expres\u00f3 que al menos uno de cada cinco contagios se produce durante los entierros. <\/p>\n<p>El manual de 17 p\u00e1ginas aconseja a los auxiliares de salud sobre la manera de efectuar los entierros, sean cristianos o musulmanes. <\/p>\n<p>Seg\u00fan la OMS, un capell\u00e1n musulm\u00e1n manifiesta que el lavado ritual del cad\u00e1ver no es de rigor si la persona muri\u00f3 de \u00e9bola. <\/p>\n<p>El manual recomienda la quema de todos los objetos que hayan estado en contacto con el paciente, en especial el colch\u00f3n. La epidemia de \u00e9bola ha ocasionado m\u00e1s de 4 mil 800 decesos desde diciembre. <\/p>\n<p>\u00a0 <\/p>\n","protected":false},"excerpt":{"rendered":"<p>La Organizaci\u00f3n Mundial de la Salud dio a conocer un <a href=\"https:\/\/sertv.gob.pa\/nacionalfm\/manual-para-entierros-por-ebola-emite-la-oms\/\"> [&#8230;]<\/a><\/p>\n","protected":false},"author":1,"featured_media":2513,"comment_status":"closed","ping_status":"closed","sticky":false,"template":"","format":"standard","meta":{"footnotes":""},"categories":[5],"tags":[],"class_list":["post-2512","post","type-post","status-publish","format-standard","has-post-thumbnail","hentry","category-salud"],"_links":{"self":[{"href":"https:\/\/sertv.gob.pa\/nacionalfm\/wp-json\/wp\/v2\/posts\/2512","targetHints":{"allow":["GET"]}}],"collection":[{"href":"https:\/\/sertv.gob.pa\/nacionalfm\/wp-json\/wp\/v2\/posts"}],"about":[{"href":"https:\/\/sertv.gob.pa\/nacionalfm\/wp-json\/wp\/v2\/types\/post"}],"author":[{"embeddable":true,"href":"https:\/\/sertv.gob.pa\/nacionalfm\/wp-json\/wp\/v2\/users\/1"}],"replies":[{"embeddable":true,"href":"https:\/\/sertv.gob.pa\/nacionalfm\/wp-json\/wp\/v2\/comments?post=2512"}],"version-history":[{"count":0,"href":"https:\/\/sertv.gob.pa\/nacionalfm\/wp-json\/wp\/v2\/posts\/2512\/revisions"}],"wp:featuredmedia":[{"embeddable":true,"href":"https:\/\/sertv.gob.pa\/nacionalfm\/wp-json\/wp\/v2\/media\/2513"}],"wp:attachment":[{"href":"https:\/\/sertv.gob.pa\/nacionalfm\/wp-json\/wp\/v2\/media?parent=2512"}],"wp:term":[{"taxonomy":"category","embeddable":true,"href":"https:\/\/sertv.gob.pa\/nacionalfm\/wp-json\/wp\/v2\/categories?post=2512"},{"taxonomy":"post_tag","embeddable":true,"href":"https:\/\/sertv.gob.pa\/nacionalfm\/wp-json\/wp\/v2\/tags?post=2512"}],"curies":[{"name":"wp","href":"https:\/\/api.w.org\/{rel}","templated":true}]}}