{"id":2514,"date":"2014-11-11T05:00:00","date_gmt":"2014-11-11T05:00:00","guid":{"rendered":""},"modified":"2014-11-11T05:00:00","modified_gmt":"2014-11-11T05:00:00","slug":"hallan-posible-clave-para-reparar-corazones-danados","status":"publish","type":"post","link":"https:\/\/sertv.gob.pa\/nacionalfm\/hallan-posible-clave-para-reparar-corazones-danados\/","title":{"rendered":"Hallan posible clave para reparar corazones da\u00f1ados"},"content":{"rendered":"<p>\nUna investigaci\u00f3n realizada por cient\u00edficos del Salk Institute de California, encabezada por el espa\u00f1ol Juan Carlos Izpis\u00faa, encontr\u00f3 la clave para reparar corazones da\u00f1ados, de momento en ratones. <\/p>\n<p>Los cient\u00edficos, que publicaron su trabajo en la revista  Cell Stem Cell , han conseguido reparar los corazones bloqueando cuatro mol\u00e9culas que son capaces de inhibir los programas para la regeneraci\u00f3n de \u00f3rganos, lo que abre la puerta a nuevos tratamientos para enfermedades card\u00edacas. <\/p>\n<p>El Hospital Clinic de Barcelona, que particip\u00f3 en este proyecto internacional a trav\u00e9s del doctor Josep M. Campistol, se plantea la traslaci\u00f3n de estos resultados a pacientes con cardiopat\u00edas severas e irreversibles. <\/p>\n<p>La investigaci\u00f3n sugiere que, aunque por norma general los mam\u00edferos adultos no son capaces de regenerar los tejidos da\u00f1ados, \u00e9stos pueden retener una capacidad latente que est\u00e1 presente durante el desarrollo embrionario. <\/p>\n<p>\u00a0 <\/p>\n","protected":false},"excerpt":{"rendered":"<p>Una investigaci\u00f3n realizada por cient\u00edficos del Salk Institute de California, <a href=\"https:\/\/sertv.gob.pa\/nacionalfm\/hallan-posible-clave-para-reparar-corazones-danados\/\"> [&#8230;]<\/a><\/p>\n","protected":false},"author":1,"featured_media":2515,"comment_status":"closed","ping_status":"closed","sticky":false,"template":"","format":"standard","meta":{"footnotes":""},"categories":[5],"tags":[],"class_list":["post-2514","post","type-post","status-publish","format-standard","has-post-thumbnail","hentry","category-salud"],"_links":{"self":[{"href":"https:\/\/sertv.gob.pa\/nacionalfm\/wp-json\/wp\/v2\/posts\/2514","targetHints":{"allow":["GET"]}}],"collection":[{"href":"https:\/\/sertv.gob.pa\/nacionalfm\/wp-json\/wp\/v2\/posts"}],"about":[{"href":"https:\/\/sertv.gob.pa\/nacionalfm\/wp-json\/wp\/v2\/types\/post"}],"author":[{"embeddable":true,"href":"https:\/\/sertv.gob.pa\/nacionalfm\/wp-json\/wp\/v2\/users\/1"}],"replies":[{"embeddable":true,"href":"https:\/\/sertv.gob.pa\/nacionalfm\/wp-json\/wp\/v2\/comments?post=2514"}],"version-history":[{"count":0,"href":"https:\/\/sertv.gob.pa\/nacionalfm\/wp-json\/wp\/v2\/posts\/2514\/revisions"}],"wp:featuredmedia":[{"embeddable":true,"href":"https:\/\/sertv.gob.pa\/nacionalfm\/wp-json\/wp\/v2\/media\/2515"}],"wp:attachment":[{"href":"https:\/\/sertv.gob.pa\/nacionalfm\/wp-json\/wp\/v2\/media?parent=2514"}],"wp:term":[{"taxonomy":"category","embeddable":true,"href":"https:\/\/sertv.gob.pa\/nacionalfm\/wp-json\/wp\/v2\/categories?post=2514"},{"taxonomy":"post_tag","embeddable":true,"href":"https:\/\/sertv.gob.pa\/nacionalfm\/wp-json\/wp\/v2\/tags?post=2514"}],"curies":[{"name":"wp","href":"https:\/\/api.w.org\/{rel}","templated":true}]}}