{"id":2528,"date":"2014-11-11T05:00:00","date_gmt":"2014-11-11T05:00:00","guid":{"rendered":""},"modified":"2014-11-11T05:00:00","modified_gmt":"2014-11-11T05:00:00","slug":"proteina-es-identificada-en-desarrollo-del-cancer-de-pancreas","status":"publish","type":"post","link":"https:\/\/sertv.gob.pa\/nacionalfm\/proteina-es-identificada-en-desarrollo-del-cancer-de-pancreas\/","title":{"rendered":"Prote\u00edna es identificada en desarrollo del c\u00e1ncer de p\u00e1ncreas"},"content":{"rendered":"<p>\nInvestigadores de la Universidad de Barcelona han descrito una relaci\u00f3n entre una prote\u00edna, denominada HNRNPA2B1, y el desarrollo del c\u00e1ncer de p\u00e1ncreas. <\/p>\n<p>La investigaci\u00f3n, que publica hoy la revista Gastroenterology, ha demostrado que la interacci\u00f3n entre HNRNPA2B1 y la prote\u00edna codificada por el gen KRAS es una diana terap\u00e9utica potencial para el tratamiento del c\u00e1ncer de p\u00e1ncreas. <\/p>\n<p>\u00a0 <\/p>\n","protected":false},"excerpt":{"rendered":"<p>Investigadores de la Universidad de Barcelona han descrito una relaci\u00f3n <a href=\"https:\/\/sertv.gob.pa\/nacionalfm\/proteina-es-identificada-en-desarrollo-del-cancer-de-pancreas\/\"> [&#8230;]<\/a><\/p>\n","protected":false},"author":1,"featured_media":2529,"comment_status":"closed","ping_status":"closed","sticky":false,"template":"","format":"standard","meta":{"footnotes":""},"categories":[5],"tags":[],"class_list":["post-2528","post","type-post","status-publish","format-standard","has-post-thumbnail","hentry","category-salud"],"_links":{"self":[{"href":"https:\/\/sertv.gob.pa\/nacionalfm\/wp-json\/wp\/v2\/posts\/2528","targetHints":{"allow":["GET"]}}],"collection":[{"href":"https:\/\/sertv.gob.pa\/nacionalfm\/wp-json\/wp\/v2\/posts"}],"about":[{"href":"https:\/\/sertv.gob.pa\/nacionalfm\/wp-json\/wp\/v2\/types\/post"}],"author":[{"embeddable":true,"href":"https:\/\/sertv.gob.pa\/nacionalfm\/wp-json\/wp\/v2\/users\/1"}],"replies":[{"embeddable":true,"href":"https:\/\/sertv.gob.pa\/nacionalfm\/wp-json\/wp\/v2\/comments?post=2528"}],"version-history":[{"count":0,"href":"https:\/\/sertv.gob.pa\/nacionalfm\/wp-json\/wp\/v2\/posts\/2528\/revisions"}],"wp:featuredmedia":[{"embeddable":true,"href":"https:\/\/sertv.gob.pa\/nacionalfm\/wp-json\/wp\/v2\/media\/2529"}],"wp:attachment":[{"href":"https:\/\/sertv.gob.pa\/nacionalfm\/wp-json\/wp\/v2\/media?parent=2528"}],"wp:term":[{"taxonomy":"category","embeddable":true,"href":"https:\/\/sertv.gob.pa\/nacionalfm\/wp-json\/wp\/v2\/categories?post=2528"},{"taxonomy":"post_tag","embeddable":true,"href":"https:\/\/sertv.gob.pa\/nacionalfm\/wp-json\/wp\/v2\/tags?post=2528"}],"curies":[{"name":"wp","href":"https:\/\/api.w.org\/{rel}","templated":true}]}}