{"id":253,"date":"2014-07-13T05:00:00","date_gmt":"2014-07-13T05:00:00","guid":{"rendered":""},"modified":"2014-07-13T05:00:00","modified_gmt":"2014-07-13T05:00:00","slug":"oms-recomienda-antirretrovirales-a-gays-para-prevenir-el-vih","status":"publish","type":"post","link":"https:\/\/sertv.gob.pa\/nacionalfm\/oms-recomienda-antirretrovirales-a-gays-para-prevenir-el-vih\/","title":{"rendered":"OMS recomienda antirretrovirales a gays para prevenir el VIH"},"content":{"rendered":"<p>\nLa Organizaci\u00f3n Mundial de la Salud recomend\u00f3 a los hombres gay que son sexualmente activos tomar antirretrovirales de manera preventiva aunque no sean VIH positivo. <\/p>\n<p>La OMS afirm\u00f3 que tomar este tipo de medicamentos todos los d\u00edas, junto al uso del cond\u00f3n, puede ayudar a reducir la incidencia del VIH, causante del SIDA, entre los hombres gay en casi un 20%. <\/p>\n<p>Un vocero de la OMS describi\u00f3 que en los \u00faltimos meses se ha dado una \u00abexplosi\u00f3n\u00bb de la infecci\u00f3n entre los hombres gay, drogadictos, transg\u00e9neros y trabajadores sexuales.\u00a0 @nacionalFm <\/p>\n<p>\u00a0 <\/p>\n","protected":false},"excerpt":{"rendered":"<p>La Organizaci\u00f3n Mundial de la Salud recomend\u00f3 a los hombres <a href=\"https:\/\/sertv.gob.pa\/nacionalfm\/oms-recomienda-antirretrovirales-a-gays-para-prevenir-el-vih\/\"> [&#8230;]<\/a><\/p>\n","protected":false},"author":1,"featured_media":254,"comment_status":"closed","ping_status":"closed","sticky":false,"template":"","format":"standard","meta":{"footnotes":""},"categories":[5],"tags":[],"class_list":["post-253","post","type-post","status-publish","format-standard","has-post-thumbnail","hentry","category-salud"],"_links":{"self":[{"href":"https:\/\/sertv.gob.pa\/nacionalfm\/wp-json\/wp\/v2\/posts\/253","targetHints":{"allow":["GET"]}}],"collection":[{"href":"https:\/\/sertv.gob.pa\/nacionalfm\/wp-json\/wp\/v2\/posts"}],"about":[{"href":"https:\/\/sertv.gob.pa\/nacionalfm\/wp-json\/wp\/v2\/types\/post"}],"author":[{"embeddable":true,"href":"https:\/\/sertv.gob.pa\/nacionalfm\/wp-json\/wp\/v2\/users\/1"}],"replies":[{"embeddable":true,"href":"https:\/\/sertv.gob.pa\/nacionalfm\/wp-json\/wp\/v2\/comments?post=253"}],"version-history":[{"count":0,"href":"https:\/\/sertv.gob.pa\/nacionalfm\/wp-json\/wp\/v2\/posts\/253\/revisions"}],"wp:featuredmedia":[{"embeddable":true,"href":"https:\/\/sertv.gob.pa\/nacionalfm\/wp-json\/wp\/v2\/media\/254"}],"wp:attachment":[{"href":"https:\/\/sertv.gob.pa\/nacionalfm\/wp-json\/wp\/v2\/media?parent=253"}],"wp:term":[{"taxonomy":"category","embeddable":true,"href":"https:\/\/sertv.gob.pa\/nacionalfm\/wp-json\/wp\/v2\/categories?post=253"},{"taxonomy":"post_tag","embeddable":true,"href":"https:\/\/sertv.gob.pa\/nacionalfm\/wp-json\/wp\/v2\/tags?post=253"}],"curies":[{"name":"wp","href":"https:\/\/api.w.org\/{rel}","templated":true}]}}