{"id":25311,"date":"2017-11-23T16:10:04","date_gmt":"2017-11-23T16:10:04","guid":{"rendered":""},"modified":"2017-11-23T16:10:04","modified_gmt":"2017-11-23T16:10:04","slug":"entidades-lanzan-politica-nacional-de-ordenamiento-territorial","status":"publish","type":"post","link":"https:\/\/sertv.gob.pa\/nacionalfm\/entidades-lanzan-politica-nacional-de-ordenamiento-territorial\/","title":{"rendered":"Entidades lanzan \u201cPol\u00edtica Nacional de Ordenamiento Territorial\u201d"},"content":{"rendered":"<p>\nCon el objetivo de contribuir a potenciar los avances que se ha alcanzado como naci\u00f3n y que responda a los nuevos desaf\u00edos que presenta la b\u00fasqueda permanente del bien com\u00fan, el Ministerio de Vivienda y Ordenamiento Territorial (MIVIOT), conjuntamente con otras entidades gubernamentales, efectuaron el lanzamiento del proceso para la actualizaci\u00f3n de una Pol\u00edtica Nacional de Ordenamiento Territorial (PNOT). <\/p>\n<p>Sobre el particular, el viceministro de Ordenamiento Territorial, Juan Manuel V\u00e1squez, se\u00f1al\u00f3, que entre las metas propuestas por esta pol\u00edtica se encuentran la organizaci\u00f3n institucional y la adecuaci\u00f3n del marco normativo, definiendo con claridad las competencias institucionales relacionadas con el ordenamiento territorial. <\/p>\n<p>Al mismo tiempo, contempla los instrumentos de planificaci\u00f3n territorial y de gesti\u00f3n de suelo, tomando en consideraci\u00f3n, los distintos instrumentos actualmente previstos en las normas legales y los procedimientos para la tramitaci\u00f3n y aprobaci\u00f3n de planes. <\/p>\n<p>V\u00e1squez, enfatiz\u00f3, que la PNOT con un horizonte al 2030, ser\u00e1 un punto de referencia para la planificaci\u00f3n integrada y la toma de decisiones y acciones en el territorio\u00a0nacional. <\/p>\n<p>Refiri\u00f3,\u00a0que este es un proceso que tomar\u00e1 alrededor de ocho meses en el cual hay una serie de actores claves que forman parte del Comit\u00e9 T\u00e9cnico Coordinador que fue conformado. <\/p>\n<p>Se trata de los ministerios de Ambiente, Desarrollo Agropecuario, Econom\u00eda y Finanzas y Presidencia, as\u00ed como\u00a0la Secretar\u00eda de Descentralizaci\u00f3n que estar\u00e1n siempre bajo el liderazgo del MIVIOT. <\/p>\n<p>Luego hay un Comit\u00e9 T\u00e9cnico Ampliado donde se suman otras instituciones como\u00a0las universidades, la Asociaci\u00f3n Paname\u00f1a de Ejecutivos de Empresas y la Autoridad del Canal de Panam\u00e1; y hay actores de consultas como la Polic\u00eda Nacional, municipios, el Ministerio de Salud, la Autoridad Mar\u00edtima de Panam\u00e1, entre otros. <\/p>\n<p>Por otra parte, el ministro de la Presidencia \u00c1lvaro Alem\u00e1n, sustent\u00f3, que fortalecer el ordenamiento territorial de Panam\u00e1 es una gran tarea que hoy enriquecemos como un gran equipo, porque necesitamos general condiciones objetivas para alcanzar una mayor competitividad en nuestra regi\u00f3n y el mundo. <\/p>\n","protected":false},"excerpt":{"rendered":"<p>Con el objetivo de contribuir a potenciar los avances que <a href=\"https:\/\/sertv.gob.pa\/nacionalfm\/entidades-lanzan-politica-nacional-de-ordenamiento-territorial\/\"> [&#8230;]<\/a><\/p>\n","protected":false},"author":1,"featured_media":25312,"comment_status":"closed","ping_status":"closed","sticky":false,"template":"","format":"standard","meta":{"footnotes":""},"categories":[2],"tags":[],"class_list":["post-25311","post","type-post","status-publish","format-standard","has-post-thumbnail","hentry","category-nacionales"],"_links":{"self":[{"href":"https:\/\/sertv.gob.pa\/nacionalfm\/wp-json\/wp\/v2\/posts\/25311","targetHints":{"allow":["GET"]}}],"collection":[{"href":"https:\/\/sertv.gob.pa\/nacionalfm\/wp-json\/wp\/v2\/posts"}],"about":[{"href":"https:\/\/sertv.gob.pa\/nacionalfm\/wp-json\/wp\/v2\/types\/post"}],"author":[{"embeddable":true,"href":"https:\/\/sertv.gob.pa\/nacionalfm\/wp-json\/wp\/v2\/users\/1"}],"replies":[{"embeddable":true,"href":"https:\/\/sertv.gob.pa\/nacionalfm\/wp-json\/wp\/v2\/comments?post=25311"}],"version-history":[{"count":0,"href":"https:\/\/sertv.gob.pa\/nacionalfm\/wp-json\/wp\/v2\/posts\/25311\/revisions"}],"wp:featuredmedia":[{"embeddable":true,"href":"https:\/\/sertv.gob.pa\/nacionalfm\/wp-json\/wp\/v2\/media\/25312"}],"wp:attachment":[{"href":"https:\/\/sertv.gob.pa\/nacionalfm\/wp-json\/wp\/v2\/media?parent=25311"}],"wp:term":[{"taxonomy":"category","embeddable":true,"href":"https:\/\/sertv.gob.pa\/nacionalfm\/wp-json\/wp\/v2\/categories?post=25311"},{"taxonomy":"post_tag","embeddable":true,"href":"https:\/\/sertv.gob.pa\/nacionalfm\/wp-json\/wp\/v2\/tags?post=25311"}],"curies":[{"name":"wp","href":"https:\/\/api.w.org\/{rel}","templated":true}]}}