{"id":2538,"date":"2014-11-12T05:00:00","date_gmt":"2014-11-12T05:00:00","guid":{"rendered":""},"modified":"2014-11-12T05:00:00","modified_gmt":"2014-11-12T05:00:00","slug":"identifican-gen-que-protege-contra-la-fiebre-tifoidea","status":"publish","type":"post","link":"https:\/\/sertv.gob.pa\/nacionalfm\/identifican-gen-que-protege-contra-la-fiebre-tifoidea\/","title":{"rendered":"Identifican gen que protege contra la fiebre tifoidea"},"content":{"rendered":"<p>\nEn Australia cient\u00edficos identificaron un gen que al parecer protege a las personas de la fiebre tifoidea. <\/p>\n<p>El hallazgo, efectuado por investigadores de la Universidad de Melbourne, puede conducir a la elaboraci\u00f3n de vacunas m\u00e1s efectivas para combatir la fiebre tifoidea y otras enfermedades bacterianas. <\/p>\n<p>Los cient\u00edficos manifiestan que el gen es capaz de identificar prote\u00ednas de la bacteria tifoidea que estimulan el sistema inmune del cuerpo. <\/p>\n<p>Esta enfermedad se transmite a trav\u00e9s del agua y comida contaminada. <\/p>\n<p>Seg\u00fan datos de la Organizaci\u00f3n Mundial de la Salud, afecta a m\u00e1s de 20 millones de personas al a\u00f1o, y mata hasta 600,000. <\/p>\n<p>\u00a0 <\/p>\n","protected":false},"excerpt":{"rendered":"<p>En Australia cient\u00edficos identificaron un gen que al parecer protege <a href=\"https:\/\/sertv.gob.pa\/nacionalfm\/identifican-gen-que-protege-contra-la-fiebre-tifoidea\/\"> [&#8230;]<\/a><\/p>\n","protected":false},"author":1,"featured_media":2539,"comment_status":"closed","ping_status":"closed","sticky":false,"template":"","format":"standard","meta":{"footnotes":""},"categories":[5],"tags":[],"class_list":["post-2538","post","type-post","status-publish","format-standard","has-post-thumbnail","hentry","category-salud"],"_links":{"self":[{"href":"https:\/\/sertv.gob.pa\/nacionalfm\/wp-json\/wp\/v2\/posts\/2538","targetHints":{"allow":["GET"]}}],"collection":[{"href":"https:\/\/sertv.gob.pa\/nacionalfm\/wp-json\/wp\/v2\/posts"}],"about":[{"href":"https:\/\/sertv.gob.pa\/nacionalfm\/wp-json\/wp\/v2\/types\/post"}],"author":[{"embeddable":true,"href":"https:\/\/sertv.gob.pa\/nacionalfm\/wp-json\/wp\/v2\/users\/1"}],"replies":[{"embeddable":true,"href":"https:\/\/sertv.gob.pa\/nacionalfm\/wp-json\/wp\/v2\/comments?post=2538"}],"version-history":[{"count":0,"href":"https:\/\/sertv.gob.pa\/nacionalfm\/wp-json\/wp\/v2\/posts\/2538\/revisions"}],"wp:featuredmedia":[{"embeddable":true,"href":"https:\/\/sertv.gob.pa\/nacionalfm\/wp-json\/wp\/v2\/media\/2539"}],"wp:attachment":[{"href":"https:\/\/sertv.gob.pa\/nacionalfm\/wp-json\/wp\/v2\/media?parent=2538"}],"wp:term":[{"taxonomy":"category","embeddable":true,"href":"https:\/\/sertv.gob.pa\/nacionalfm\/wp-json\/wp\/v2\/categories?post=2538"},{"taxonomy":"post_tag","embeddable":true,"href":"https:\/\/sertv.gob.pa\/nacionalfm\/wp-json\/wp\/v2\/tags?post=2538"}],"curies":[{"name":"wp","href":"https:\/\/api.w.org\/{rel}","templated":true}]}}