{"id":2540,"date":"2014-11-12T05:00:00","date_gmt":"2014-11-12T05:00:00","guid":{"rendered":""},"modified":"2014-11-12T05:00:00","modified_gmt":"2014-11-12T05:00:00","slug":"clinica-alemana-probara-vacuna-contra-el-ebola-en-humanos","status":"publish","type":"post","link":"https:\/\/sertv.gob.pa\/nacionalfm\/clinica-alemana-probara-vacuna-contra-el-ebola-en-humanos\/","title":{"rendered":"Cl\u00ednica alemana probar\u00e1 vacuna contra el \u00e9bola en humanos"},"content":{"rendered":"<p>\nPor primera vez en Alemania, la Cl\u00ednica Universitaria de Hamburgo-Eppendorf (UKE) probar\u00e1 en humanos una vacuna contra el \u00e9bola, testada ya con \u00e9xito en animales y que est\u00e1 siendo estudiada igualmente en Estados Unidos. <\/p>\n<p>Seg\u00fan el centro hospitalario, la sustancia activa, facilitada por la Organizaci\u00f3n Mundial de la Salud, contiene un virus portador inocuo al que se ha incorporado un peque\u00f1o elemento del virus del \u00e9bola. &lsquo;Por ello, no existe riesgo alguno para los voluntarios de contagio por \u00e9bola a trav\u00e9s de la vacuna&rsquo;, manifest\u00f3 la responsable del estudio, la especialista en medicina tropical Marylyn Addo. <\/p>\n<p>Se\u00f1al\u00f3 que la vacuna rVSV-ZEBOV ser\u00e1 probada durante los pr\u00f3ximos seis meses a las personas <\/p>\n<p>\u00a0 <\/p>\n","protected":false},"excerpt":{"rendered":"<p>Por primera vez en Alemania, la Cl\u00ednica Universitaria de Hamburgo-Eppendorf <a href=\"https:\/\/sertv.gob.pa\/nacionalfm\/clinica-alemana-probara-vacuna-contra-el-ebola-en-humanos\/\"> [&#8230;]<\/a><\/p>\n","protected":false},"author":1,"featured_media":2541,"comment_status":"closed","ping_status":"closed","sticky":false,"template":"","format":"standard","meta":{"footnotes":""},"categories":[5],"tags":[],"class_list":["post-2540","post","type-post","status-publish","format-standard","has-post-thumbnail","hentry","category-salud"],"_links":{"self":[{"href":"https:\/\/sertv.gob.pa\/nacionalfm\/wp-json\/wp\/v2\/posts\/2540","targetHints":{"allow":["GET"]}}],"collection":[{"href":"https:\/\/sertv.gob.pa\/nacionalfm\/wp-json\/wp\/v2\/posts"}],"about":[{"href":"https:\/\/sertv.gob.pa\/nacionalfm\/wp-json\/wp\/v2\/types\/post"}],"author":[{"embeddable":true,"href":"https:\/\/sertv.gob.pa\/nacionalfm\/wp-json\/wp\/v2\/users\/1"}],"replies":[{"embeddable":true,"href":"https:\/\/sertv.gob.pa\/nacionalfm\/wp-json\/wp\/v2\/comments?post=2540"}],"version-history":[{"count":0,"href":"https:\/\/sertv.gob.pa\/nacionalfm\/wp-json\/wp\/v2\/posts\/2540\/revisions"}],"wp:featuredmedia":[{"embeddable":true,"href":"https:\/\/sertv.gob.pa\/nacionalfm\/wp-json\/wp\/v2\/media\/2541"}],"wp:attachment":[{"href":"https:\/\/sertv.gob.pa\/nacionalfm\/wp-json\/wp\/v2\/media?parent=2540"}],"wp:term":[{"taxonomy":"category","embeddable":true,"href":"https:\/\/sertv.gob.pa\/nacionalfm\/wp-json\/wp\/v2\/categories?post=2540"},{"taxonomy":"post_tag","embeddable":true,"href":"https:\/\/sertv.gob.pa\/nacionalfm\/wp-json\/wp\/v2\/tags?post=2540"}],"curies":[{"name":"wp","href":"https:\/\/api.w.org\/{rel}","templated":true}]}}