{"id":25481,"date":"2017-12-01T16:36:36","date_gmt":"2017-12-01T16:36:36","guid":{"rendered":""},"modified":"2017-12-01T16:36:36","modified_gmt":"2017-12-01T16:36:36","slug":"dia-mundial-del-sida","status":"publish","type":"post","link":"https:\/\/sertv.gob.pa\/nacionalfm\/dia-mundial-del-sida\/","title":{"rendered":"D\u00eda Mundial del Sida"},"content":{"rendered":"<p>\nEl s\u00edndrome de inmunodeficiencia adquirida ( sida ) sigue siendo un  problema de salud p\u00fablica  mundial. M\u00e1s de  35 millones de personas han muerto  afectadas por este virus. Solo en 2016, un mill\u00f3n. Y seg\u00fan cifras oficiales de la   UNAIDS   , hoy a\u00fan la padecen 36,7 millones de personas en todo el mundo. <\/p>\n<p>Hoy es su  d\u00eda mundial , y muchos todav\u00eda siguen confundi\u00e9ndose con su causante, el  virus de inmunodeficiencia humana  (o  VIH ), que, con el tiempo, progresar\u00e1 hacia la falla del sistema inmune, lo que permite que se desarrollen infecciones oportunistas y c\u00e1nceres potencialmente mortales. <\/p>\n<p>As\u00ed, el acceso a los antirretrovirales es clave para poder superar la enfermedad. UNAIDS estima que  entre 18,4 y 21,7 millones de personas han tenido acceso a terapia antirretrov\u00edrica en 2017 . Esta cifra oficial representa un aumento respecto a los 17,1 millones de 2015 y a los 7,7 millones de 2010. Cifras muy abultadas que en cambio no esconden la relaci\u00f3n de esta enfermedad con la pobreza. <\/p>\n<p>Solo en  \u00c1frica, sin ir m\u00e1s lejos, hay 25,6 millones de personas afectadas . Es decir, el  69,7% del total de personas contagiadas en el planeta  residen en el continente africano, seg\u00fan datos de la Organizaci\u00f3n Mundial de la Salud. En Europa esta cifra ronda los 2,5 millones, de los cuales aproximadamente 140.000 viven en Espa\u00f1a, seg\u00fan la p\u00e1gina de Naciones Unidas UNAIDS. <\/p>\n<p>\u00a0 <\/p>\n","protected":false},"excerpt":{"rendered":"<p>El s\u00edndrome de inmunodeficiencia adquirida ( sida ) sigue siendo <a href=\"https:\/\/sertv.gob.pa\/nacionalfm\/dia-mundial-del-sida\/\"> [&#8230;]<\/a><\/p>\n","protected":false},"author":1,"featured_media":25482,"comment_status":"closed","ping_status":"closed","sticky":false,"template":"","format":"standard","meta":{"footnotes":""},"categories":[5],"tags":[],"class_list":["post-25481","post","type-post","status-publish","format-standard","has-post-thumbnail","hentry","category-salud"],"_links":{"self":[{"href":"https:\/\/sertv.gob.pa\/nacionalfm\/wp-json\/wp\/v2\/posts\/25481","targetHints":{"allow":["GET"]}}],"collection":[{"href":"https:\/\/sertv.gob.pa\/nacionalfm\/wp-json\/wp\/v2\/posts"}],"about":[{"href":"https:\/\/sertv.gob.pa\/nacionalfm\/wp-json\/wp\/v2\/types\/post"}],"author":[{"embeddable":true,"href":"https:\/\/sertv.gob.pa\/nacionalfm\/wp-json\/wp\/v2\/users\/1"}],"replies":[{"embeddable":true,"href":"https:\/\/sertv.gob.pa\/nacionalfm\/wp-json\/wp\/v2\/comments?post=25481"}],"version-history":[{"count":0,"href":"https:\/\/sertv.gob.pa\/nacionalfm\/wp-json\/wp\/v2\/posts\/25481\/revisions"}],"wp:featuredmedia":[{"embeddable":true,"href":"https:\/\/sertv.gob.pa\/nacionalfm\/wp-json\/wp\/v2\/media\/25482"}],"wp:attachment":[{"href":"https:\/\/sertv.gob.pa\/nacionalfm\/wp-json\/wp\/v2\/media?parent=25481"}],"wp:term":[{"taxonomy":"category","embeddable":true,"href":"https:\/\/sertv.gob.pa\/nacionalfm\/wp-json\/wp\/v2\/categories?post=25481"},{"taxonomy":"post_tag","embeddable":true,"href":"https:\/\/sertv.gob.pa\/nacionalfm\/wp-json\/wp\/v2\/tags?post=25481"}],"curies":[{"name":"wp","href":"https:\/\/api.w.org\/{rel}","templated":true}]}}