{"id":2552,"date":"2014-11-12T05:00:00","date_gmt":"2014-11-12T05:00:00","guid":{"rendered":""},"modified":"2014-11-12T05:00:00","modified_gmt":"2014-11-12T05:00:00","slug":"por-que-personas-con-down-sufren-mas-enfermedades-autoinmunes","status":"publish","type":"post","link":"https:\/\/sertv.gob.pa\/nacionalfm\/por-que-personas-con-down-sufren-mas-enfermedades-autoinmunes\/","title":{"rendered":"\u00bfPor qu\u00e9 personas con Down sufren m\u00e1s enfermedades autoinmunes?"},"content":{"rendered":"<p>\n Investigadores del Instituto de Investigaci\u00f3n Vall dHebron (VHIR) de Barcelona (noreste) han descubierto por qu\u00e9 las personas con s\u00edndrome de Down tienen m\u00e1s predisposici\u00f3n a padecer enfermedades autoinmunes, como la diabetes o el hipotiroidismo.  <\/p>\n<p>Seg\u00fan el estudio, publicado en The Journal of Immunology, una prote\u00edna reguladora de la autoinmunidad, denominada AIRE, est\u00e1 menos expresada en los individuos con s\u00edndrome de Down, lo que explica por qu\u00e9 las personas con este trastorno sufren m\u00e1s enfermedades autoinmunes. <\/p>\n<p> La prote\u00edna AIRE est\u00e1 codificada en el cromosoma 21, que es precisamente el que tienen triplicado las personas con s\u00edndrome de Down.  <\/p>\n<p>Esta prote\u00edna controla el mecanismo que hace que los linfocitos T ataquen a organismos exteriores como virus, bacterias, hongos o par\u00e1sitos, y evita que ataquen a las c\u00e9lulas del cuerpo. <\/p>\n<p> No obstante, cuando esta prote\u00edna est\u00e1 menos expresada se produce un fallo en el proceso de tolerancia inmunol\u00f3gica que provoca que los linfocitos T puedan atacar c\u00e9lulas sanas del cuerpo, y esto puede conducir a una enfermedad autoinmune.  <\/p>\n<p>Los investigadores vieron que cerca de la mitad de los pacientes con s\u00edndrome de Down participantes en el estudio desarrollaron con el paso del tiempo hipotiroidismo, que en la mayor\u00eda de casos es una enfermedad de origen autoinmune. <\/p>\n<p>\u00a0 <\/p>\n","protected":false},"excerpt":{"rendered":"<p>Investigadores del Instituto de Investigaci\u00f3n Vall dHebron (VHIR) de Barcelona <a href=\"https:\/\/sertv.gob.pa\/nacionalfm\/por-que-personas-con-down-sufren-mas-enfermedades-autoinmunes\/\"> [&#8230;]<\/a><\/p>\n","protected":false},"author":1,"featured_media":2553,"comment_status":"closed","ping_status":"closed","sticky":false,"template":"","format":"standard","meta":{"footnotes":""},"categories":[5],"tags":[],"class_list":["post-2552","post","type-post","status-publish","format-standard","has-post-thumbnail","hentry","category-salud"],"_links":{"self":[{"href":"https:\/\/sertv.gob.pa\/nacionalfm\/wp-json\/wp\/v2\/posts\/2552","targetHints":{"allow":["GET"]}}],"collection":[{"href":"https:\/\/sertv.gob.pa\/nacionalfm\/wp-json\/wp\/v2\/posts"}],"about":[{"href":"https:\/\/sertv.gob.pa\/nacionalfm\/wp-json\/wp\/v2\/types\/post"}],"author":[{"embeddable":true,"href":"https:\/\/sertv.gob.pa\/nacionalfm\/wp-json\/wp\/v2\/users\/1"}],"replies":[{"embeddable":true,"href":"https:\/\/sertv.gob.pa\/nacionalfm\/wp-json\/wp\/v2\/comments?post=2552"}],"version-history":[{"count":0,"href":"https:\/\/sertv.gob.pa\/nacionalfm\/wp-json\/wp\/v2\/posts\/2552\/revisions"}],"wp:featuredmedia":[{"embeddable":true,"href":"https:\/\/sertv.gob.pa\/nacionalfm\/wp-json\/wp\/v2\/media\/2553"}],"wp:attachment":[{"href":"https:\/\/sertv.gob.pa\/nacionalfm\/wp-json\/wp\/v2\/media?parent=2552"}],"wp:term":[{"taxonomy":"category","embeddable":true,"href":"https:\/\/sertv.gob.pa\/nacionalfm\/wp-json\/wp\/v2\/categories?post=2552"},{"taxonomy":"post_tag","embeddable":true,"href":"https:\/\/sertv.gob.pa\/nacionalfm\/wp-json\/wp\/v2\/tags?post=2552"}],"curies":[{"name":"wp","href":"https:\/\/api.w.org\/{rel}","templated":true}]}}