{"id":2558,"date":"2014-11-13T05:00:00","date_gmt":"2014-11-13T05:00:00","guid":{"rendered":""},"modified":"2014-11-13T05:00:00","modified_gmt":"2014-11-13T05:00:00","slug":"mas-de-5-000-decesos-por-epidemia-de-ebola","status":"publish","type":"post","link":"https:\/\/sertv.gob.pa\/nacionalfm\/mas-de-5-000-decesos-por-epidemia-de-ebola\/","title":{"rendered":"M\u00e1s de 5.000 decesos por epidemia de \u00e9bola"},"content":{"rendered":"<p>\nSeg\u00fan inform\u00f3 la Organizaci\u00f3n Mundial de la Salud (OMS), el n\u00famero de personas fallecidas por la peor epidemia de \u00e9bola que se conoce ha crecido hasta 5,160. <\/p>\n<p>La frecuencia de decesos no parece estar aumentando en Guinea y en Liberia, pero contin\u00faa siendo alta en Sierra Leona, a\u00f1adi\u00f3 la OMS. <\/p>\n<p>Se estima que el brote del mortal virus infect\u00f3 a m\u00e1s de 14.000 personas, casi todas en \u00c1frica Occidental. <\/p>\n<p>\u00a0 <\/p>\n","protected":false},"excerpt":{"rendered":"<p>Seg\u00fan inform\u00f3 la Organizaci\u00f3n Mundial de la Salud (OMS), el <a href=\"https:\/\/sertv.gob.pa\/nacionalfm\/mas-de-5-000-decesos-por-epidemia-de-ebola\/\"> [&#8230;]<\/a><\/p>\n","protected":false},"author":1,"featured_media":2559,"comment_status":"closed","ping_status":"closed","sticky":false,"template":"","format":"standard","meta":{"footnotes":""},"categories":[5],"tags":[],"class_list":["post-2558","post","type-post","status-publish","format-standard","has-post-thumbnail","hentry","category-salud"],"_links":{"self":[{"href":"https:\/\/sertv.gob.pa\/nacionalfm\/wp-json\/wp\/v2\/posts\/2558","targetHints":{"allow":["GET"]}}],"collection":[{"href":"https:\/\/sertv.gob.pa\/nacionalfm\/wp-json\/wp\/v2\/posts"}],"about":[{"href":"https:\/\/sertv.gob.pa\/nacionalfm\/wp-json\/wp\/v2\/types\/post"}],"author":[{"embeddable":true,"href":"https:\/\/sertv.gob.pa\/nacionalfm\/wp-json\/wp\/v2\/users\/1"}],"replies":[{"embeddable":true,"href":"https:\/\/sertv.gob.pa\/nacionalfm\/wp-json\/wp\/v2\/comments?post=2558"}],"version-history":[{"count":0,"href":"https:\/\/sertv.gob.pa\/nacionalfm\/wp-json\/wp\/v2\/posts\/2558\/revisions"}],"wp:featuredmedia":[{"embeddable":true,"href":"https:\/\/sertv.gob.pa\/nacionalfm\/wp-json\/wp\/v2\/media\/2559"}],"wp:attachment":[{"href":"https:\/\/sertv.gob.pa\/nacionalfm\/wp-json\/wp\/v2\/media?parent=2558"}],"wp:term":[{"taxonomy":"category","embeddable":true,"href":"https:\/\/sertv.gob.pa\/nacionalfm\/wp-json\/wp\/v2\/categories?post=2558"},{"taxonomy":"post_tag","embeddable":true,"href":"https:\/\/sertv.gob.pa\/nacionalfm\/wp-json\/wp\/v2\/tags?post=2558"}],"curies":[{"name":"wp","href":"https:\/\/api.w.org\/{rel}","templated":true}]}}