{"id":25605,"date":"2017-12-18T15:35:04","date_gmt":"2017-12-18T15:35:04","guid":{"rendered":""},"modified":"2017-12-18T15:35:04","modified_gmt":"2017-12-18T15:35:04","slug":"presidente-varela-inaugura-el-paseo-marino-en-colon","status":"publish","type":"post","link":"https:\/\/sertv.gob.pa\/nacionalfm\/presidente-varela-inaugura-el-paseo-marino-en-colon\/","title":{"rendered":"Presidente Varela inaugura el Paseo Marino en Col\u00f3n"},"content":{"rendered":"<p>\nUna semana despu\u00e9s de entregar los primeros 1,020 apartamentos en Altos de Los Lagos, el presidente Juan Carlos Varela retorn\u00f3 a la provincia de Col\u00f3n para inaugurar el Paseo Marino, que tambi\u00e9n forma parte del proyecto de Renovaci\u00f3n Urbana. <\/p>\n<p>Se trata de una obra de 10.2 millones de d\u00f3lares, con un \u00e1rea de 14 hect\u00e1reas &ndash;se entrega la fase inicial de 7 hect\u00e1reas -destinadas a la recreaci\u00f3n, a la cultura, al turismo y a la actividad deportiva, ya que cuenta con dos canchas de baloncesto y una de f\u00fatbol. Adem\u00e1s, estar\u00e1 iluminado con la \u00faltima tecnolog\u00eda LED, tendr\u00e1 puestos de vigilancia policial para mayor seguridad del p\u00fablico. <\/p>\n<p>&ldquo;Ustedes me dieron la oportunidad de trabajar por este pa\u00eds, y por eso quiero retribuirles la confianza trabajando duro, licitando con responsabilidad fiscal proyectos que benefician al pueblo, gracias a los ingresos del Canal de Panam\u00e1 y los impuestos de todos los paname\u00f1os, recursos administrados de manera honesta y transparente por mi equipo de gobierno&rdquo;, expres\u00f3 el Gobernante. <\/p>\n<p>Indic\u00f3 que esta obra tambi\u00e9n reviste de gran significado porque fue construida en un espacio p\u00fablico recuperado por el Estado e importante para el desarrollo de la ciudad de Col\u00f3n, a fin de que su gente pueda mirar al mar y disfrutar en familia. <\/p>\n<p>El presidente Varela destac\u00f3 que Col\u00f3n est\u00e1 iniciando otra etapa y con el compromiso de su gente y el apoyo del Gobierno, \u00e9sta ser\u00e1 una ciudad modelo, con viviendas dignas, \u00e1reas de sano esparcimiento, saneamiento, coliseos deportivos, centros de salud y escuelas dignas.\u00a0 <\/p>\n<p>&ldquo;Reitero que los colonenses deben aprovechar la oportunidad por el futuro de sus hijos, cambiar la forma de ver la vida. Estamos entregando obras que se merec\u00edan desde hace mucho tiempo, pero es necesario que el cambio inicie en cada uno de ustedes&rdquo;, manifest\u00f3 el Jefe del Ejecutivo. <\/p>\n<p>El Paseo Marino es uno de los componentes del proyecto Renovaci\u00f3n Urbana de Col\u00f3n, en la que la Administraci\u00f3n Varela invierte unos 600 millones de d\u00f3lares en la construcci\u00f3n de viviendas, restauraci\u00f3n de edificios hist\u00f3ricos y coliseos deportivos, con el objetivo de integrar la poblaci\u00f3n de la provincia de Col\u00f3n al desarrollo social y econ\u00f3mico del pa\u00eds.\u00a0 <\/p>\n<p>El Mandatario se\u00f1al\u00f3 que con este proyecto, que ha generado miles de empleos directos para la poblaci\u00f3n, \u00a0el impacto en la ciudad es integral para que Col\u00f3n vuelva a ser la tacita de oro, en la que sus habitantes se sientan orgullosos de vivir y puedan desarrollarse plenamente como personas y profesionales. <\/p>\n<p>Datos de inter\u00e9s <\/p>\n<p>600 \u00a0 \u00a0 \u00a0 \u00a0 \u00a0Son los millones de d\u00f3lares en inversi\u00f3n en el proyecto de Renovaci\u00f3n Urbana Col\u00f3n. <\/p>\n<p>10.2 \u00a0 \u00a0 \u00a0 \u00a0 Millones de d\u00f3lares que cost\u00f3 el Paseo Marino. <\/p>\n","protected":false},"excerpt":{"rendered":"<p>Una semana despu\u00e9s de entregar los primeros 1,020 apartamentos en <a href=\"https:\/\/sertv.gob.pa\/nacionalfm\/presidente-varela-inaugura-el-paseo-marino-en-colon\/\"> [&#8230;]<\/a><\/p>\n","protected":false},"author":1,"featured_media":25606,"comment_status":"closed","ping_status":"closed","sticky":false,"template":"","format":"standard","meta":{"footnotes":""},"categories":[2],"tags":[],"class_list":["post-25605","post","type-post","status-publish","format-standard","has-post-thumbnail","hentry","category-nacionales"],"_links":{"self":[{"href":"https:\/\/sertv.gob.pa\/nacionalfm\/wp-json\/wp\/v2\/posts\/25605","targetHints":{"allow":["GET"]}}],"collection":[{"href":"https:\/\/sertv.gob.pa\/nacionalfm\/wp-json\/wp\/v2\/posts"}],"about":[{"href":"https:\/\/sertv.gob.pa\/nacionalfm\/wp-json\/wp\/v2\/types\/post"}],"author":[{"embeddable":true,"href":"https:\/\/sertv.gob.pa\/nacionalfm\/wp-json\/wp\/v2\/users\/1"}],"replies":[{"embeddable":true,"href":"https:\/\/sertv.gob.pa\/nacionalfm\/wp-json\/wp\/v2\/comments?post=25605"}],"version-history":[{"count":0,"href":"https:\/\/sertv.gob.pa\/nacionalfm\/wp-json\/wp\/v2\/posts\/25605\/revisions"}],"wp:featuredmedia":[{"embeddable":true,"href":"https:\/\/sertv.gob.pa\/nacionalfm\/wp-json\/wp\/v2\/media\/25606"}],"wp:attachment":[{"href":"https:\/\/sertv.gob.pa\/nacionalfm\/wp-json\/wp\/v2\/media?parent=25605"}],"wp:term":[{"taxonomy":"category","embeddable":true,"href":"https:\/\/sertv.gob.pa\/nacionalfm\/wp-json\/wp\/v2\/categories?post=25605"},{"taxonomy":"post_tag","embeddable":true,"href":"https:\/\/sertv.gob.pa\/nacionalfm\/wp-json\/wp\/v2\/tags?post=25605"}],"curies":[{"name":"wp","href":"https:\/\/api.w.org\/{rel}","templated":true}]}}