{"id":2564,"date":"2014-11-13T05:00:00","date_gmt":"2014-11-13T05:00:00","guid":{"rendered":""},"modified":"2014-11-13T05:00:00","modified_gmt":"2014-11-13T05:00:00","slug":"colombia-da-primer-paso-hacia-legalizacion-de-marihuana-medicinal","status":"publish","type":"post","link":"https:\/\/sertv.gob.pa\/nacionalfm\/colombia-da-primer-paso-hacia-legalizacion-de-marihuana-medicinal\/","title":{"rendered":"Colombia da primer paso hacia legalizaci\u00f3n de marihuana medicinal"},"content":{"rendered":"<p>\nLa Comisi\u00f3n Primera del Senado colombiano aprob\u00f3 de manera preliminar, un proyecto de ley que busca reglamentar el uso de la marihuana con fines terap\u00e9uticos y medicinales en el pa\u00eds. <\/p>\n<p>La iniciativa obtuvo 13 votos a favor y dos en contra en el primero de los cuatro debates necesarios para la aprobaci\u00f3n del proyecto, dos en el Senado y dos en la C\u00e1mara de Representantes, que luego tendr\u00e1 que ser sancionado por el presidente de la Rep\u00fablica. <\/p>\n<p>En agosto de este a\u00f1o, el presidente Juan Manuel Santos manifest\u00f3 p\u00fablicamente que apoyar\u00eda la iniciativa presentada por el senador Juan Manuel Gal\u00e1n, cuyo padre fue asesinado por orden del narcotraficante Pablo Escobar. <\/p>\n<p>\u00a0 <\/p>\n","protected":false},"excerpt":{"rendered":"<p>La Comisi\u00f3n Primera del Senado colombiano aprob\u00f3 de manera preliminar, <a href=\"https:\/\/sertv.gob.pa\/nacionalfm\/colombia-da-primer-paso-hacia-legalizacion-de-marihuana-medicinal\/\"> [&#8230;]<\/a><\/p>\n","protected":false},"author":1,"featured_media":2565,"comment_status":"closed","ping_status":"closed","sticky":false,"template":"","format":"standard","meta":{"footnotes":""},"categories":[5],"tags":[],"class_list":["post-2564","post","type-post","status-publish","format-standard","has-post-thumbnail","hentry","category-salud"],"_links":{"self":[{"href":"https:\/\/sertv.gob.pa\/nacionalfm\/wp-json\/wp\/v2\/posts\/2564","targetHints":{"allow":["GET"]}}],"collection":[{"href":"https:\/\/sertv.gob.pa\/nacionalfm\/wp-json\/wp\/v2\/posts"}],"about":[{"href":"https:\/\/sertv.gob.pa\/nacionalfm\/wp-json\/wp\/v2\/types\/post"}],"author":[{"embeddable":true,"href":"https:\/\/sertv.gob.pa\/nacionalfm\/wp-json\/wp\/v2\/users\/1"}],"replies":[{"embeddable":true,"href":"https:\/\/sertv.gob.pa\/nacionalfm\/wp-json\/wp\/v2\/comments?post=2564"}],"version-history":[{"count":0,"href":"https:\/\/sertv.gob.pa\/nacionalfm\/wp-json\/wp\/v2\/posts\/2564\/revisions"}],"wp:featuredmedia":[{"embeddable":true,"href":"https:\/\/sertv.gob.pa\/nacionalfm\/wp-json\/wp\/v2\/media\/2565"}],"wp:attachment":[{"href":"https:\/\/sertv.gob.pa\/nacionalfm\/wp-json\/wp\/v2\/media?parent=2564"}],"wp:term":[{"taxonomy":"category","embeddable":true,"href":"https:\/\/sertv.gob.pa\/nacionalfm\/wp-json\/wp\/v2\/categories?post=2564"},{"taxonomy":"post_tag","embeddable":true,"href":"https:\/\/sertv.gob.pa\/nacionalfm\/wp-json\/wp\/v2\/tags?post=2564"}],"curies":[{"name":"wp","href":"https:\/\/api.w.org\/{rel}","templated":true}]}}