{"id":2580,"date":"2014-11-14T05:00:00","date_gmt":"2014-11-14T05:00:00","guid":{"rendered":""},"modified":"2014-11-14T05:00:00","modified_gmt":"2014-11-14T05:00:00","slug":"gira-medica-atiende-a-mas-de-600-personas-en-la-pintada","status":"publish","type":"post","link":"https:\/\/sertv.gob.pa\/nacionalfm\/gira-medica-atiende-a-mas-de-600-personas-en-la-pintada\/","title":{"rendered":"Gira m\u00e9dica atiende a m\u00e1s de 600 personas en La Pintada"},"content":{"rendered":"<p>\nEn el corregimiento de El Potrero de La Pintada, \u00a0m\u00e1s de 600 personas recibieron atenci\u00f3n gratuita y medicamentos como parte de la gira m\u00e9dica que organiz\u00f3 la Alcald\u00eda de La Pintada y la Junta Comunal de El Potrero, tomando en cuenta las peticiones de los residentes de estas \u00e1reas, que aseguran que el puesto de salud en la mayor\u00eda de las ocasiones est\u00e1 cerrado. <\/p>\n<p>La gira m\u00e9dica se llev\u00f3 a cabo en el corregimiento de El Potrero de La Pintada en el puesto de salud. Las personas recibieron atenci\u00f3n en medicina general, odontolog\u00eda, farmacia, y hasta le obsequiaron lentes a los que se realizaron el examen y necesitaban anteojos. <\/p>\n<p>Ina Rodr\u00edguez, alcaldesa de La Pintada, manifest\u00f3 que en total se atendieron 637 personas, en su mayor\u00eda a los que no cuentan con recursos econ\u00f3micos para atenderse. <\/p>\n<p>\u00a0 <\/p>\n","protected":false},"excerpt":{"rendered":"<p>En el corregimiento de El Potrero de La Pintada, \u00a0m\u00e1s <a href=\"https:\/\/sertv.gob.pa\/nacionalfm\/gira-medica-atiende-a-mas-de-600-personas-en-la-pintada\/\"> [&#8230;]<\/a><\/p>\n","protected":false},"author":1,"featured_media":2581,"comment_status":"closed","ping_status":"closed","sticky":false,"template":"","format":"standard","meta":{"footnotes":""},"categories":[5],"tags":[],"class_list":["post-2580","post","type-post","status-publish","format-standard","has-post-thumbnail","hentry","category-salud"],"_links":{"self":[{"href":"https:\/\/sertv.gob.pa\/nacionalfm\/wp-json\/wp\/v2\/posts\/2580","targetHints":{"allow":["GET"]}}],"collection":[{"href":"https:\/\/sertv.gob.pa\/nacionalfm\/wp-json\/wp\/v2\/posts"}],"about":[{"href":"https:\/\/sertv.gob.pa\/nacionalfm\/wp-json\/wp\/v2\/types\/post"}],"author":[{"embeddable":true,"href":"https:\/\/sertv.gob.pa\/nacionalfm\/wp-json\/wp\/v2\/users\/1"}],"replies":[{"embeddable":true,"href":"https:\/\/sertv.gob.pa\/nacionalfm\/wp-json\/wp\/v2\/comments?post=2580"}],"version-history":[{"count":0,"href":"https:\/\/sertv.gob.pa\/nacionalfm\/wp-json\/wp\/v2\/posts\/2580\/revisions"}],"wp:featuredmedia":[{"embeddable":true,"href":"https:\/\/sertv.gob.pa\/nacionalfm\/wp-json\/wp\/v2\/media\/2581"}],"wp:attachment":[{"href":"https:\/\/sertv.gob.pa\/nacionalfm\/wp-json\/wp\/v2\/media?parent=2580"}],"wp:term":[{"taxonomy":"category","embeddable":true,"href":"https:\/\/sertv.gob.pa\/nacionalfm\/wp-json\/wp\/v2\/categories?post=2580"},{"taxonomy":"post_tag","embeddable":true,"href":"https:\/\/sertv.gob.pa\/nacionalfm\/wp-json\/wp\/v2\/tags?post=2580"}],"curies":[{"name":"wp","href":"https:\/\/api.w.org\/{rel}","templated":true}]}}