{"id":2584,"date":"2014-11-14T05:00:00","date_gmt":"2014-11-14T05:00:00","guid":{"rendered":""},"modified":"2014-11-14T05:00:00","modified_gmt":"2014-11-14T05:00:00","slug":"empresarios-africanos-aportan-us-30-millones-para-el-ebola","status":"publish","type":"post","link":"https:\/\/sertv.gob.pa\/nacionalfm\/empresarios-africanos-aportan-us-30-millones-para-el-ebola\/","title":{"rendered":"Empresarios africanos aportan US$30 millones para el \u00e9bola"},"content":{"rendered":"<p>\nEmpresarios africanos reunieron alrededor de US$30 millones para ayudar a la lucha contra el \u00e9bola. <\/p>\n<p>La suma fue acordada en una reuni\u00f3n en la capital del pa\u00eds, Addis Abeba, la capital de Etiop\u00eda. <\/p>\n<p>Los fondos ser\u00e1n administrados por el Banco de Desarrollo Africano. <\/p>\n<p>Estos se destinar\u00e1n a pagar los salarios de al menos 1.000 trabajadores de salud destinados en los tres pa\u00edses m\u00e1s afectados por la enfermedad: Guinea, Liberia y Sierra Leona. <\/p>\n<p>\u00a0 <\/p>\n","protected":false},"excerpt":{"rendered":"<p>Empresarios africanos reunieron alrededor de US$30 millones para ayudar a <a href=\"https:\/\/sertv.gob.pa\/nacionalfm\/empresarios-africanos-aportan-us-30-millones-para-el-ebola\/\"> [&#8230;]<\/a><\/p>\n","protected":false},"author":1,"featured_media":2585,"comment_status":"closed","ping_status":"closed","sticky":false,"template":"","format":"standard","meta":{"footnotes":""},"categories":[5],"tags":[],"class_list":["post-2584","post","type-post","status-publish","format-standard","has-post-thumbnail","hentry","category-salud"],"_links":{"self":[{"href":"https:\/\/sertv.gob.pa\/nacionalfm\/wp-json\/wp\/v2\/posts\/2584","targetHints":{"allow":["GET"]}}],"collection":[{"href":"https:\/\/sertv.gob.pa\/nacionalfm\/wp-json\/wp\/v2\/posts"}],"about":[{"href":"https:\/\/sertv.gob.pa\/nacionalfm\/wp-json\/wp\/v2\/types\/post"}],"author":[{"embeddable":true,"href":"https:\/\/sertv.gob.pa\/nacionalfm\/wp-json\/wp\/v2\/users\/1"}],"replies":[{"embeddable":true,"href":"https:\/\/sertv.gob.pa\/nacionalfm\/wp-json\/wp\/v2\/comments?post=2584"}],"version-history":[{"count":0,"href":"https:\/\/sertv.gob.pa\/nacionalfm\/wp-json\/wp\/v2\/posts\/2584\/revisions"}],"wp:featuredmedia":[{"embeddable":true,"href":"https:\/\/sertv.gob.pa\/nacionalfm\/wp-json\/wp\/v2\/media\/2585"}],"wp:attachment":[{"href":"https:\/\/sertv.gob.pa\/nacionalfm\/wp-json\/wp\/v2\/media?parent=2584"}],"wp:term":[{"taxonomy":"category","embeddable":true,"href":"https:\/\/sertv.gob.pa\/nacionalfm\/wp-json\/wp\/v2\/categories?post=2584"},{"taxonomy":"post_tag","embeddable":true,"href":"https:\/\/sertv.gob.pa\/nacionalfm\/wp-json\/wp\/v2\/tags?post=2584"}],"curies":[{"name":"wp","href":"https:\/\/api.w.org\/{rel}","templated":true}]}}