{"id":2592,"date":"2014-11-15T05:00:00","date_gmt":"2014-11-15T05:00:00","guid":{"rendered":""},"modified":"2014-11-15T05:00:00","modified_gmt":"2014-11-15T05:00:00","slug":"la-longevidad-no-es-cuestion-de-genes","status":"publish","type":"post","link":"https:\/\/sertv.gob.pa\/nacionalfm\/la-longevidad-no-es-cuestion-de-genes\/","title":{"rendered":"La longevidad no es cuesti\u00f3n de genes"},"content":{"rendered":"<p>\nCient\u00edficos estadounidenses anunciaron que no encontraron secretos gen\u00e9ticos comunes en un grupo de 17 supercentenarios, personas que vivieron m\u00e1s de 110 a\u00f1os. <\/p>\n<p>&ldquo;En esta peque\u00f1a muestra, los investigadores no hallaron variantes gen\u00e9ticas raras que produzcan prote\u00ednas capaces de explicar su longevidad&rdquo;, indica un estudio dirigido por Hinco Gierman, de la Universidad de Stanford (Palo Alto, California). <\/p>\n<p>Quienes viven 100 a\u00f1os o m\u00e1s tienen menos probabilidades de contraer c\u00e1ncer, una incidencia de 19% durante sus vidas contra 49% en la poblaci\u00f3n en general, seg\u00fan el estudio. Los que viven m\u00e1s de un siglo igualmente tienen menor porcentaje de enfermedades cardiovasculares. <\/p>\n<p>En el mundo hay 74 supercentenarios, 22 de ellos viven en Estados Unidos. <\/p>\n","protected":false},"excerpt":{"rendered":"<p>Cient\u00edficos estadounidenses anunciaron que no encontraron secretos gen\u00e9ticos comunes en <a href=\"https:\/\/sertv.gob.pa\/nacionalfm\/la-longevidad-no-es-cuestion-de-genes\/\"> [&#8230;]<\/a><\/p>\n","protected":false},"author":1,"featured_media":2593,"comment_status":"closed","ping_status":"closed","sticky":false,"template":"","format":"standard","meta":{"footnotes":""},"categories":[5],"tags":[],"class_list":["post-2592","post","type-post","status-publish","format-standard","has-post-thumbnail","hentry","category-salud"],"_links":{"self":[{"href":"https:\/\/sertv.gob.pa\/nacionalfm\/wp-json\/wp\/v2\/posts\/2592","targetHints":{"allow":["GET"]}}],"collection":[{"href":"https:\/\/sertv.gob.pa\/nacionalfm\/wp-json\/wp\/v2\/posts"}],"about":[{"href":"https:\/\/sertv.gob.pa\/nacionalfm\/wp-json\/wp\/v2\/types\/post"}],"author":[{"embeddable":true,"href":"https:\/\/sertv.gob.pa\/nacionalfm\/wp-json\/wp\/v2\/users\/1"}],"replies":[{"embeddable":true,"href":"https:\/\/sertv.gob.pa\/nacionalfm\/wp-json\/wp\/v2\/comments?post=2592"}],"version-history":[{"count":0,"href":"https:\/\/sertv.gob.pa\/nacionalfm\/wp-json\/wp\/v2\/posts\/2592\/revisions"}],"wp:featuredmedia":[{"embeddable":true,"href":"https:\/\/sertv.gob.pa\/nacionalfm\/wp-json\/wp\/v2\/media\/2593"}],"wp:attachment":[{"href":"https:\/\/sertv.gob.pa\/nacionalfm\/wp-json\/wp\/v2\/media?parent=2592"}],"wp:term":[{"taxonomy":"category","embeddable":true,"href":"https:\/\/sertv.gob.pa\/nacionalfm\/wp-json\/wp\/v2\/categories?post=2592"},{"taxonomy":"post_tag","embeddable":true,"href":"https:\/\/sertv.gob.pa\/nacionalfm\/wp-json\/wp\/v2\/tags?post=2592"}],"curies":[{"name":"wp","href":"https:\/\/api.w.org\/{rel}","templated":true}]}}