{"id":25999,"date":"2018-01-15T16:13:17","date_gmt":"2018-01-15T16:13:17","guid":{"rendered":""},"modified":"2018-01-15T16:13:17","modified_gmt":"2018-01-15T16:13:17","slug":"el-diario-britanico-the-guardian-debuta-en-su-nuevo-formato-tabloide","status":"publish","type":"post","link":"https:\/\/sertv.gob.pa\/nacionalfm\/el-diario-britanico-the-guardian-debuta-en-su-nuevo-formato-tabloide\/","title":{"rendered":"El diario brit\u00e1nico \u00abThe Guardian\u00bb debuta en su nuevo formato tabloide"},"content":{"rendered":"<p>\nEl diario brit\u00e1nico \u00abThe Guardian\u00bb sac\u00f3 hoy su primera edici\u00f3n en su nuevo formato tabloide, m\u00e1s peque\u00f1o que hasta ahora, que ha adoptado como parte de una serie de medidas para reducir costes. <\/p>\n<p>En el nuevo dise\u00f1o, la antigua cabecera azul se sustituye por simples letras negras, aunque se mantiene algo de color en los apartados referentes a los suplementos interiores. <\/p>\n<p>Esta remodelaci\u00f3n, que se aplicar\u00e1 tambi\u00e9n a la cabecera dominical \u00abThe Observer\u00bb, se integra en un plan de ahorro a tres a\u00f1os, lanzado en 2016, a fin de asegurar que el grupo de medios de comunicaci\u00f3n Guardian News &#038; Media (GNM) elimina las p\u00e9rdidas para 2019. <\/p>\n<p>La edici\u00f3n de hoy presenta como noticia de portada el hecho de que, seg\u00fan ha averiguado el diario, se ha pedido a los estudiantes de medicina que trabajen de forma voluntaria en los departamentos de urgencias de algunos hospitales para ayudar a reducir las alarmantes listas de espera. <\/p>\n<p>En un columna interior, la directora del rotativo, Katherine Viner, da la bienvenida a un nuevo formato \u00abaudaz, impactante y bonito\u00bb, que tambi\u00e9n comportar\u00e1 cambios en la p\u00e1gina web. <\/p>\n<p>\u00abNuestra transformaci\u00f3n al formato tabloide es un paso importante a fin de hacer &#8216;The Guardian&#8217; financieramente sostenible y asegurar que podemos continuar invirtiendo en un periodismo de referencia durante muchas generaciones\u00bb, afirma. <\/p>\n<p>Los cambios comportar\u00e1n el cierre de las imprentas del peri\u00f3dico en Trafford, en la ciudad de Manchester, y Stratford, en el este de Londres, y la impresi\u00f3n se subcontratar\u00e1 al grupo Trinity Mirror, que publica otros peri\u00f3dicos en el Reino Unido. <\/p>\n<p>Entre los principales diarios brit\u00e1nicos, solamente \u00abFinancial Times\u00bb y \u00abThe Daily Telegraph\u00bb se publican a\u00fan en gran formato, pues todos los dem\u00e1s han pasado ya al tabloide, que anteriormente estaba reservado a la prensa sensacionalista. <\/p>\n","protected":false},"excerpt":{"rendered":"<p>El diario brit\u00e1nico \u00abThe Guardian\u00bb sac\u00f3 hoy su primera edici\u00f3n <a href=\"https:\/\/sertv.gob.pa\/nacionalfm\/el-diario-britanico-the-guardian-debuta-en-su-nuevo-formato-tabloide\/\"> [&#8230;]<\/a><\/p>\n","protected":false},"author":1,"featured_media":26000,"comment_status":"closed","ping_status":"closed","sticky":false,"template":"","format":"standard","meta":{"footnotes":""},"categories":[3],"tags":[],"class_list":["post-25999","post","type-post","status-publish","format-standard","has-post-thumbnail","hentry","category-internacionales"],"_links":{"self":[{"href":"https:\/\/sertv.gob.pa\/nacionalfm\/wp-json\/wp\/v2\/posts\/25999","targetHints":{"allow":["GET"]}}],"collection":[{"href":"https:\/\/sertv.gob.pa\/nacionalfm\/wp-json\/wp\/v2\/posts"}],"about":[{"href":"https:\/\/sertv.gob.pa\/nacionalfm\/wp-json\/wp\/v2\/types\/post"}],"author":[{"embeddable":true,"href":"https:\/\/sertv.gob.pa\/nacionalfm\/wp-json\/wp\/v2\/users\/1"}],"replies":[{"embeddable":true,"href":"https:\/\/sertv.gob.pa\/nacionalfm\/wp-json\/wp\/v2\/comments?post=25999"}],"version-history":[{"count":0,"href":"https:\/\/sertv.gob.pa\/nacionalfm\/wp-json\/wp\/v2\/posts\/25999\/revisions"}],"wp:featuredmedia":[{"embeddable":true,"href":"https:\/\/sertv.gob.pa\/nacionalfm\/wp-json\/wp\/v2\/media\/26000"}],"wp:attachment":[{"href":"https:\/\/sertv.gob.pa\/nacionalfm\/wp-json\/wp\/v2\/media?parent=25999"}],"wp:term":[{"taxonomy":"category","embeddable":true,"href":"https:\/\/sertv.gob.pa\/nacionalfm\/wp-json\/wp\/v2\/categories?post=25999"},{"taxonomy":"post_tag","embeddable":true,"href":"https:\/\/sertv.gob.pa\/nacionalfm\/wp-json\/wp\/v2\/tags?post=25999"}],"curies":[{"name":"wp","href":"https:\/\/api.w.org\/{rel}","templated":true}]}}