{"id":26045,"date":"2018-01-17T14:33:02","date_gmt":"2018-01-17T14:33:02","guid":{"rendered":""},"modified":"2018-01-17T14:33:02","modified_gmt":"2018-01-17T14:33:02","slug":"en-avance-la-construccion-del-proyecto-nueva-vida-de-curundu","status":"publish","type":"post","link":"https:\/\/sertv.gob.pa\/nacionalfm\/en-avance-la-construccion-del-proyecto-nueva-vida-de-curundu\/","title":{"rendered":"En avance la construcci\u00f3n del proyecto \u201cNueva Vida\u201d de Curund\u00fa"},"content":{"rendered":"<p>\nUn total de 150 familias del corregimiento de Curund\u00fa, distrito de Panam\u00e1, obtendr\u00e1n sus nuevos hogares a trav\u00e9s del proyecto  &ldquo;Nueva Vida&rdquo;  que construye el Ministerio de Vivienda y Ordenamiento Territorial (MIVIOT), en este mismo sector del pa\u00eds, en el que se ver\u00e1n favorecidas m\u00e1s de 750 personas. <\/p>\n<p>Sobre el particular, C\u00e9sar Echeverr\u00eda, director Nacional de Ingenier\u00eda y Arquitectura del MIVIOT, particip\u00f3, que los trabajos de construcci\u00f3n de esta obra que desarrolla la entidad, reportan hasta el momento 23. 00% de avance f\u00edsico. <\/p>\n<p>Especific\u00f3, que las cuadrillas est\u00e1n trabajando en la instalaci\u00f3n del sistema de formaleta para el vaciado de concreto de los apartamentos B5 y B6 del nivel n\u00famero 100. <\/p>\n<p>Echeverr\u00eda, recalc\u00f3, que las familias que se vean favorecidas con estas soluciones de vivienda, tendr\u00e1n acceso a dos rec\u00e1maras, sala-comedor, ba\u00f1o, cocina y lavander\u00eda, adem\u00e1s de un parque con gazebo y \u00e1reas de juego para los ni\u00f1os. <\/p>\n<p> &ldquo;Nueva Vida&rdquo;,  contempla adem\u00e1s la edificaci\u00f3n\u00a0de una mini cancha de baloncesto y 37 estacionamientos, de los cuales cinco, son para personas con discapacidad. <\/p>\n<p>Esta obra que tiene como inversi\u00f3n 7 millones 581 mil 845 balboas con 39 cent\u00e9simos, la lleva adelante la empresa Bebasa S.A., encargados del abastecimiento de materiales, mano de obra, equipo y administraci\u00f3n del proyecto. <\/p>\n<p>\u00a0 <\/p>\n","protected":false},"excerpt":{"rendered":"<p>Un total de 150 familias del corregimiento de Curund\u00fa, distrito <a href=\"https:\/\/sertv.gob.pa\/nacionalfm\/en-avance-la-construccion-del-proyecto-nueva-vida-de-curundu\/\"> [&#8230;]<\/a><\/p>\n","protected":false},"author":1,"featured_media":26046,"comment_status":"closed","ping_status":"closed","sticky":false,"template":"","format":"standard","meta":{"footnotes":""},"categories":[2],"tags":[],"class_list":["post-26045","post","type-post","status-publish","format-standard","has-post-thumbnail","hentry","category-nacionales"],"_links":{"self":[{"href":"https:\/\/sertv.gob.pa\/nacionalfm\/wp-json\/wp\/v2\/posts\/26045","targetHints":{"allow":["GET"]}}],"collection":[{"href":"https:\/\/sertv.gob.pa\/nacionalfm\/wp-json\/wp\/v2\/posts"}],"about":[{"href":"https:\/\/sertv.gob.pa\/nacionalfm\/wp-json\/wp\/v2\/types\/post"}],"author":[{"embeddable":true,"href":"https:\/\/sertv.gob.pa\/nacionalfm\/wp-json\/wp\/v2\/users\/1"}],"replies":[{"embeddable":true,"href":"https:\/\/sertv.gob.pa\/nacionalfm\/wp-json\/wp\/v2\/comments?post=26045"}],"version-history":[{"count":0,"href":"https:\/\/sertv.gob.pa\/nacionalfm\/wp-json\/wp\/v2\/posts\/26045\/revisions"}],"wp:featuredmedia":[{"embeddable":true,"href":"https:\/\/sertv.gob.pa\/nacionalfm\/wp-json\/wp\/v2\/media\/26046"}],"wp:attachment":[{"href":"https:\/\/sertv.gob.pa\/nacionalfm\/wp-json\/wp\/v2\/media?parent=26045"}],"wp:term":[{"taxonomy":"category","embeddable":true,"href":"https:\/\/sertv.gob.pa\/nacionalfm\/wp-json\/wp\/v2\/categories?post=26045"},{"taxonomy":"post_tag","embeddable":true,"href":"https:\/\/sertv.gob.pa\/nacionalfm\/wp-json\/wp\/v2\/tags?post=26045"}],"curies":[{"name":"wp","href":"https:\/\/api.w.org\/{rel}","templated":true}]}}