{"id":2614,"date":"2014-11-16T05:00:00","date_gmt":"2014-11-16T05:00:00","guid":{"rendered":""},"modified":"2014-11-16T05:00:00","modified_gmt":"2014-11-16T05:00:00","slug":"con-comida-danada-se-intoxican-estudiantes","status":"publish","type":"post","link":"https:\/\/sertv.gob.pa\/nacionalfm\/con-comida-danada-se-intoxican-estudiantes\/","title":{"rendered":"Con comida da\u00f1ada se intoxican estudiantes"},"content":{"rendered":"<p>\nCon v\u00f3mitos, mareos y fuertes dolores de cabeza, varios estudiantes de la escuela El Alto del distrito de Santa Fe, en Veraguas, fueron llevados al Cuarto de Urgencias de la policl\u00ednica Horacio D\u00edaz G\u00f3mez, tras participar de los desfiles en celebraci\u00f3n del grito de adhesi\u00f3n de Ca\u00f1azas. <\/p>\n<p>Se sospecha que compraron y comieron carne en palito, la cual estaba en mal estado o insalubre y les ocasion\u00f3 serios malestares estomacales. <\/p>\n<p>Fredesvinda Santos, directora de la escuela El Alto de Santa Fe, manifest\u00f3 que los estudiantes desfilaron y posteriormente se les brind\u00f3 alimentos sanos preparados en la escuela y otros suministrados por el Municipio, pero descart\u00f3 que fuesen esos los que afectaran a los estudiantes. <\/p>\n<p>Se logr\u00f3 conocer que los estudiantes compraron los productos, es decir carne en palito, en la calle, y fueron los que probablemente les causaron la afectaci\u00f3n a los estudiantes. <\/p>\n<p>Daniel Mojica, director del Meduca en Veraguas, dio a conocer que se adoptar\u00e1n medidas preventivas con el prop\u00f3sito de que no se registren otros casos en actividades donde asisten muchos ni\u00f1os y donde la gente aprovecha para vender comida. <\/p>\n<p>\u00a0 <\/p>\n","protected":false},"excerpt":{"rendered":"<p>Con v\u00f3mitos, mareos y fuertes dolores de cabeza, varios estudiantes <a href=\"https:\/\/sertv.gob.pa\/nacionalfm\/con-comida-danada-se-intoxican-estudiantes\/\"> [&#8230;]<\/a><\/p>\n","protected":false},"author":1,"featured_media":2615,"comment_status":"closed","ping_status":"closed","sticky":false,"template":"","format":"standard","meta":{"footnotes":""},"categories":[5],"tags":[],"class_list":["post-2614","post","type-post","status-publish","format-standard","has-post-thumbnail","hentry","category-salud"],"_links":{"self":[{"href":"https:\/\/sertv.gob.pa\/nacionalfm\/wp-json\/wp\/v2\/posts\/2614","targetHints":{"allow":["GET"]}}],"collection":[{"href":"https:\/\/sertv.gob.pa\/nacionalfm\/wp-json\/wp\/v2\/posts"}],"about":[{"href":"https:\/\/sertv.gob.pa\/nacionalfm\/wp-json\/wp\/v2\/types\/post"}],"author":[{"embeddable":true,"href":"https:\/\/sertv.gob.pa\/nacionalfm\/wp-json\/wp\/v2\/users\/1"}],"replies":[{"embeddable":true,"href":"https:\/\/sertv.gob.pa\/nacionalfm\/wp-json\/wp\/v2\/comments?post=2614"}],"version-history":[{"count":0,"href":"https:\/\/sertv.gob.pa\/nacionalfm\/wp-json\/wp\/v2\/posts\/2614\/revisions"}],"wp:featuredmedia":[{"embeddable":true,"href":"https:\/\/sertv.gob.pa\/nacionalfm\/wp-json\/wp\/v2\/media\/2615"}],"wp:attachment":[{"href":"https:\/\/sertv.gob.pa\/nacionalfm\/wp-json\/wp\/v2\/media?parent=2614"}],"wp:term":[{"taxonomy":"category","embeddable":true,"href":"https:\/\/sertv.gob.pa\/nacionalfm\/wp-json\/wp\/v2\/categories?post=2614"},{"taxonomy":"post_tag","embeddable":true,"href":"https:\/\/sertv.gob.pa\/nacionalfm\/wp-json\/wp\/v2\/tags?post=2614"}],"curies":[{"name":"wp","href":"https:\/\/api.w.org\/{rel}","templated":true}]}}