{"id":2618,"date":"2014-11-17T05:00:00","date_gmt":"2014-11-17T05:00:00","guid":{"rendered":""},"modified":"2014-11-17T05:00:00","modified_gmt":"2014-11-17T05:00:00","slug":"en-san-miguelito-se-reportan-mil-400-embarazos","status":"publish","type":"post","link":"https:\/\/sertv.gob.pa\/nacionalfm\/en-san-miguelito-se-reportan-mil-400-embarazos\/","title":{"rendered":"En San Miguelito se reportan Mil 400 embarazos"},"content":{"rendered":"<p>\nEn lo que va del a\u00f1o, mil 400 embarazos en adolescentes se han reportado en la Direcci\u00f3n Regional de Salud de San Miguelito, Las Cumbres y Chilibre. <\/p>\n<p>De ese grupo de j\u00f3venes embarazadas, cinco son portadoras del virus de inmunodeficiencia humana (VIH) y 15 tienen s\u00edfilis. <\/p>\n<p>Las cifras fueron presentadas ayer por el director regional de Salud de San Miguelito, Las Cumbres y Chilibre, Juan Biebarach, en el Tercer Encuentro de Servicios Amigables para Adolescentes, una iniciativa que garantiza el acceso de los adolescentes a servicios de salud, y los convierte en agentes multiplicadores en temas de VIH y embarazo precoz. <\/p>\n<p>La iniciativa empez\u00f3 hace dos a\u00f1os con el apoyo del Fondo de Poblaci\u00f3n de Naciones Unidas (Unfpa, por sus siglas en ingl\u00e9s). <\/p>\n<p>\u00a0 <\/p>\n","protected":false},"excerpt":{"rendered":"<p>En lo que va del a\u00f1o, mil 400 embarazos en <a href=\"https:\/\/sertv.gob.pa\/nacionalfm\/en-san-miguelito-se-reportan-mil-400-embarazos\/\"> [&#8230;]<\/a><\/p>\n","protected":false},"author":1,"featured_media":2619,"comment_status":"closed","ping_status":"closed","sticky":false,"template":"","format":"standard","meta":{"footnotes":""},"categories":[5],"tags":[],"class_list":["post-2618","post","type-post","status-publish","format-standard","has-post-thumbnail","hentry","category-salud"],"_links":{"self":[{"href":"https:\/\/sertv.gob.pa\/nacionalfm\/wp-json\/wp\/v2\/posts\/2618","targetHints":{"allow":["GET"]}}],"collection":[{"href":"https:\/\/sertv.gob.pa\/nacionalfm\/wp-json\/wp\/v2\/posts"}],"about":[{"href":"https:\/\/sertv.gob.pa\/nacionalfm\/wp-json\/wp\/v2\/types\/post"}],"author":[{"embeddable":true,"href":"https:\/\/sertv.gob.pa\/nacionalfm\/wp-json\/wp\/v2\/users\/1"}],"replies":[{"embeddable":true,"href":"https:\/\/sertv.gob.pa\/nacionalfm\/wp-json\/wp\/v2\/comments?post=2618"}],"version-history":[{"count":0,"href":"https:\/\/sertv.gob.pa\/nacionalfm\/wp-json\/wp\/v2\/posts\/2618\/revisions"}],"wp:featuredmedia":[{"embeddable":true,"href":"https:\/\/sertv.gob.pa\/nacionalfm\/wp-json\/wp\/v2\/media\/2619"}],"wp:attachment":[{"href":"https:\/\/sertv.gob.pa\/nacionalfm\/wp-json\/wp\/v2\/media?parent=2618"}],"wp:term":[{"taxonomy":"category","embeddable":true,"href":"https:\/\/sertv.gob.pa\/nacionalfm\/wp-json\/wp\/v2\/categories?post=2618"},{"taxonomy":"post_tag","embeddable":true,"href":"https:\/\/sertv.gob.pa\/nacionalfm\/wp-json\/wp\/v2\/tags?post=2618"}],"curies":[{"name":"wp","href":"https:\/\/api.w.org\/{rel}","templated":true}]}}