{"id":2634,"date":"2014-11-18T05:00:00","date_gmt":"2014-11-18T05:00:00","guid":{"rendered":""},"modified":"2014-11-18T05:00:00","modified_gmt":"2014-11-18T05:00:00","slug":"panama-sera-sede-del-primer-congreso-mundial-de-tabaquismo","status":"publish","type":"post","link":"https:\/\/sertv.gob.pa\/nacionalfm\/panama-sera-sede-del-primer-congreso-mundial-de-tabaquismo\/","title":{"rendered":"Panam\u00e1 ser\u00e1 sede del primer Congreso mundial de tabaquismo"},"content":{"rendered":"<p>\nPanam\u00e1, l\u00edder mundial en materia de control de publicidad de los productos de tabaco y naci\u00f3n que ocupa la segunda posici\u00f3n en cuanto a menor cantidad de fumadores (prevalencia) en el planeta, es asimismo modelo internacional en otra novedad. <\/p>\n<p>Resulta que el pa\u00eds ser\u00e1 sede del primer Congreso mundial de tabaquismo y enfermedades no transmisibles, la primera reuni\u00f3n de este nivel que conjugar\u00e1 el tema del tabaquismo y las enfermedades no transmisibles en el planeta. <\/p>\n<p>La iniciativa fue idea de la doctora en medicina N\u00e9lyda Gligo, presidenta de la Coalici\u00f3n Paname\u00f1a contra el Tabaquismo (Copacet), entidad civil que en conjunto con el Ministerio de Salud organiza este encuentro cient\u00edfico y educativo hasta el 19 de noviembre en el Hard Rock hotel Meg\u00e1polis. <\/p>\n<p>El congreso contar\u00e1 con la presentaci\u00f3n de m\u00e1s de 20 expositores extranjeros que compartir\u00e1n sus experiencias y vendr\u00e1n a conocer el \u00e9xito que caracteriza las pol\u00edticas de salud ejecutadas en Panam\u00e1, ya que con la creaci\u00f3n de la Ley No. 13 de 24 de enero de 2008, que adopta medidas para el control del tabaco, hoy solo el 6.4% de la poblaci\u00f3n adulta (cerca de 163 mil personas) fuma alg\u00fan producto del tabaco en el pa\u00eds, seg\u00fan la Encuesta mundial de tabaquismo en adultos (2013), afirma Gligo. <\/p>\n<p>Una vez los invitados internacionales lleguen al pa\u00eds, podr\u00edan respirar y ver con sus propios ojos que en Panam\u00e1 son contadas las personas que se llevan un producto del tabaco a la boca. &ldquo;\u00a1Ser\u00e1n testigos de que aqu\u00ed en Panam\u00e1 no se puede fumar en ning\u00fan sitio cerrado (&#8230;) La ley permite que se fume nada m\u00e1s en la calle &ndash;y depende de qu\u00e9 sitio&ndash; o en su casa encerrado! Eso es verdad. Nosotros somos un ejemplo para el mundo&rdquo;, comenta Gligo. <\/p>\n<p>\u00a0 <\/p>\n","protected":false},"excerpt":{"rendered":"<p>Panam\u00e1, l\u00edder mundial en materia de control de publicidad de <a href=\"https:\/\/sertv.gob.pa\/nacionalfm\/panama-sera-sede-del-primer-congreso-mundial-de-tabaquismo\/\"> [&#8230;]<\/a><\/p>\n","protected":false},"author":1,"featured_media":2635,"comment_status":"closed","ping_status":"closed","sticky":false,"template":"","format":"standard","meta":{"footnotes":""},"categories":[5],"tags":[],"class_list":["post-2634","post","type-post","status-publish","format-standard","has-post-thumbnail","hentry","category-salud"],"_links":{"self":[{"href":"https:\/\/sertv.gob.pa\/nacionalfm\/wp-json\/wp\/v2\/posts\/2634","targetHints":{"allow":["GET"]}}],"collection":[{"href":"https:\/\/sertv.gob.pa\/nacionalfm\/wp-json\/wp\/v2\/posts"}],"about":[{"href":"https:\/\/sertv.gob.pa\/nacionalfm\/wp-json\/wp\/v2\/types\/post"}],"author":[{"embeddable":true,"href":"https:\/\/sertv.gob.pa\/nacionalfm\/wp-json\/wp\/v2\/users\/1"}],"replies":[{"embeddable":true,"href":"https:\/\/sertv.gob.pa\/nacionalfm\/wp-json\/wp\/v2\/comments?post=2634"}],"version-history":[{"count":0,"href":"https:\/\/sertv.gob.pa\/nacionalfm\/wp-json\/wp\/v2\/posts\/2634\/revisions"}],"wp:featuredmedia":[{"embeddable":true,"href":"https:\/\/sertv.gob.pa\/nacionalfm\/wp-json\/wp\/v2\/media\/2635"}],"wp:attachment":[{"href":"https:\/\/sertv.gob.pa\/nacionalfm\/wp-json\/wp\/v2\/media?parent=2634"}],"wp:term":[{"taxonomy":"category","embeddable":true,"href":"https:\/\/sertv.gob.pa\/nacionalfm\/wp-json\/wp\/v2\/categories?post=2634"},{"taxonomy":"post_tag","embeddable":true,"href":"https:\/\/sertv.gob.pa\/nacionalfm\/wp-json\/wp\/v2\/tags?post=2634"}],"curies":[{"name":"wp","href":"https:\/\/api.w.org\/{rel}","templated":true}]}}