{"id":26397,"date":"2018-01-31T18:21:11","date_gmt":"2018-01-31T18:21:11","guid":{"rendered":""},"modified":"2018-01-31T18:21:11","modified_gmt":"2018-01-31T18:21:11","slug":"licitan-reformas-al-centro-penitenciario-el-renacer","status":"publish","type":"post","link":"https:\/\/sertv.gob.pa\/nacionalfm\/licitan-reformas-al-centro-penitenciario-el-renacer\/","title":{"rendered":"Licitan reformas al Centro Penitenciario El Renacer"},"content":{"rendered":"<p>\nAutoridades del Ministerio de Gobierno, llevaron a cabo la licitaci\u00f3n por mejor valor del &ldquo;Estudio, dise\u00f1o y construcci\u00f3n de nuevos edificios y mejoras en el Centro Penitenciario El Renacer&rdquo;.\u00a0 <\/p>\n<p>En este acto p\u00fablico, tres empresas cumplieron con los requisitos, mientras que otra fue rechazada de plano, por no aportar la fianza adecuada.\u00a0 <\/p>\n<p>Para esta obra, cuyo\u00a0precio de referencia fue de B\/. 2,119,496.55, el consorcio IAASA-CINDU, hizo una propuesta de B\/.2,310,653.44, la\u00a0empresa EDECSA ofert\u00f3 por el orden de B\/. 2, 066,110.19 y el Consorcio RENACER propuso edificar la obra por un valor de B\/.2,265,741.81.\u00a0\u00a0\u00a0 <\/p>\n<p>Los trabajos contemplan, entre otros aspectos: el\u00a0estudio topogr\u00e1fico, estudio de impacto ambiental, reparaciones en \u00e1rea de &ldquo;Galer\u00eda&rdquo;,\u00a0adecuaciones en \u00e1rea de &ldquo;Anexo&rdquo;, renovaci\u00f3n en el \u00a0sector de &ldquo;Pabell\u00f3n&rdquo; y el edificio de Taller.\u00a0 <\/p>\n<p>A la par, el dise\u00f1o y construcci\u00f3n del edificio administrativo, el dise\u00f1o y construcci\u00f3n del edificio de visitas, dise\u00f1o y construcci\u00f3n del edificio de cl\u00ednica, as\u00ed como reparaciones en la\u00a0cerca perimetral y construcci\u00f3n del \u00e1rea de barber\u00eda. <\/p>\n","protected":false},"excerpt":{"rendered":"<p>Autoridades del Ministerio de Gobierno, llevaron a cabo la licitaci\u00f3n <a href=\"https:\/\/sertv.gob.pa\/nacionalfm\/licitan-reformas-al-centro-penitenciario-el-renacer\/\"> [&#8230;]<\/a><\/p>\n","protected":false},"author":1,"featured_media":26398,"comment_status":"closed","ping_status":"closed","sticky":false,"template":"","format":"standard","meta":{"footnotes":""},"categories":[2],"tags":[],"class_list":["post-26397","post","type-post","status-publish","format-standard","has-post-thumbnail","hentry","category-nacionales"],"_links":{"self":[{"href":"https:\/\/sertv.gob.pa\/nacionalfm\/wp-json\/wp\/v2\/posts\/26397","targetHints":{"allow":["GET"]}}],"collection":[{"href":"https:\/\/sertv.gob.pa\/nacionalfm\/wp-json\/wp\/v2\/posts"}],"about":[{"href":"https:\/\/sertv.gob.pa\/nacionalfm\/wp-json\/wp\/v2\/types\/post"}],"author":[{"embeddable":true,"href":"https:\/\/sertv.gob.pa\/nacionalfm\/wp-json\/wp\/v2\/users\/1"}],"replies":[{"embeddable":true,"href":"https:\/\/sertv.gob.pa\/nacionalfm\/wp-json\/wp\/v2\/comments?post=26397"}],"version-history":[{"count":0,"href":"https:\/\/sertv.gob.pa\/nacionalfm\/wp-json\/wp\/v2\/posts\/26397\/revisions"}],"wp:featuredmedia":[{"embeddable":true,"href":"https:\/\/sertv.gob.pa\/nacionalfm\/wp-json\/wp\/v2\/media\/26398"}],"wp:attachment":[{"href":"https:\/\/sertv.gob.pa\/nacionalfm\/wp-json\/wp\/v2\/media?parent=26397"}],"wp:term":[{"taxonomy":"category","embeddable":true,"href":"https:\/\/sertv.gob.pa\/nacionalfm\/wp-json\/wp\/v2\/categories?post=26397"},{"taxonomy":"post_tag","embeddable":true,"href":"https:\/\/sertv.gob.pa\/nacionalfm\/wp-json\/wp\/v2\/tags?post=26397"}],"curies":[{"name":"wp","href":"https:\/\/api.w.org\/{rel}","templated":true}]}}