{"id":2644,"date":"2014-11-18T05:00:00","date_gmt":"2014-11-18T05:00:00","guid":{"rendered":""},"modified":"2014-11-18T05:00:00","modified_gmt":"2014-11-18T05:00:00","slug":"merck-y-pfizer-desarrollaran-juntos-tratamiento-contra-cancer","status":"publish","type":"post","link":"https:\/\/sertv.gob.pa\/nacionalfm\/merck-y-pfizer-desarrollaran-juntos-tratamiento-contra-cancer\/","title":{"rendered":"Merck y Pfizer desarrollar\u00e1n juntos tratamiento contra c\u00e1ncer"},"content":{"rendered":"<p>\nLos grupos farmac\u00e9uticos alem\u00e1n Merck y estadounidense Pfizer desarrollar\u00e1n y comercializar\u00e1n juntos un tratamiento de anticuerpo contra el c\u00e1ncer, Anti-PD-L1. <\/p>\n<p>Merck inform\u00f3 de que ha firmado un contrato con Pfizer para comenzar el pr\u00f3ximo a\u00f1o hasta 20 programas de desarrollo cl\u00ednico de inmunolog\u00eda oncol\u00f3gica. El Anti-PD-L1 de Merck est\u00e1 en desarrollo para el tratamiento de distintas clases de tumores. <\/p>\n<p>El prop\u00f3sito de esta alianza es impulsar la presencia de ambas empresas en la inmunolog\u00eda oncol\u00f3gica. Merck recibir\u00e1 un pago por adelantado de 680 millones de euros y otros 1.600 millones de euros cuando se logren algunos resultados comerciales y se superen barreras reguladoras. <\/p>\n<p>Ambas empresas se repartir\u00e1n los costes de desarrollo y de introducci\u00f3n en el mercado de Anti-PD-L1, as\u00ed como los ingresos de su venta. \u00abMediante la colaboraci\u00f3n mundial con Pfizer nos beneficiamos de la fortaleza y el peritaje de ambas empresas en la oncolog\u00eda inmunol\u00f3gica y podemos impulsar nuestro prometedor anticuerpo para el tratamiento de pacientes de c\u00e1ncer con diferentes tipos de tumor\u00bb, explic\u00f3 la presidenta de la divisi\u00f3n farmac\u00e9utica Merck Serono, Bel\u00e9n Garijo. <\/p>\n<p>\u00a0 <\/p>\n","protected":false},"excerpt":{"rendered":"<p>Los grupos farmac\u00e9uticos alem\u00e1n Merck y estadounidense Pfizer desarrollar\u00e1n y <a href=\"https:\/\/sertv.gob.pa\/nacionalfm\/merck-y-pfizer-desarrollaran-juntos-tratamiento-contra-cancer\/\"> [&#8230;]<\/a><\/p>\n","protected":false},"author":1,"featured_media":2645,"comment_status":"closed","ping_status":"closed","sticky":false,"template":"","format":"standard","meta":{"footnotes":""},"categories":[5],"tags":[],"class_list":["post-2644","post","type-post","status-publish","format-standard","has-post-thumbnail","hentry","category-salud"],"_links":{"self":[{"href":"https:\/\/sertv.gob.pa\/nacionalfm\/wp-json\/wp\/v2\/posts\/2644","targetHints":{"allow":["GET"]}}],"collection":[{"href":"https:\/\/sertv.gob.pa\/nacionalfm\/wp-json\/wp\/v2\/posts"}],"about":[{"href":"https:\/\/sertv.gob.pa\/nacionalfm\/wp-json\/wp\/v2\/types\/post"}],"author":[{"embeddable":true,"href":"https:\/\/sertv.gob.pa\/nacionalfm\/wp-json\/wp\/v2\/users\/1"}],"replies":[{"embeddable":true,"href":"https:\/\/sertv.gob.pa\/nacionalfm\/wp-json\/wp\/v2\/comments?post=2644"}],"version-history":[{"count":0,"href":"https:\/\/sertv.gob.pa\/nacionalfm\/wp-json\/wp\/v2\/posts\/2644\/revisions"}],"wp:featuredmedia":[{"embeddable":true,"href":"https:\/\/sertv.gob.pa\/nacionalfm\/wp-json\/wp\/v2\/media\/2645"}],"wp:attachment":[{"href":"https:\/\/sertv.gob.pa\/nacionalfm\/wp-json\/wp\/v2\/media?parent=2644"}],"wp:term":[{"taxonomy":"category","embeddable":true,"href":"https:\/\/sertv.gob.pa\/nacionalfm\/wp-json\/wp\/v2\/categories?post=2644"},{"taxonomy":"post_tag","embeddable":true,"href":"https:\/\/sertv.gob.pa\/nacionalfm\/wp-json\/wp\/v2\/tags?post=2644"}],"curies":[{"name":"wp","href":"https:\/\/api.w.org\/{rel}","templated":true}]}}