{"id":2646,"date":"2014-11-18T05:00:00","date_gmt":"2014-11-18T05:00:00","guid":{"rendered":""},"modified":"2014-11-18T05:00:00","modified_gmt":"2014-11-18T05:00:00","slug":"minsa-y-medios-de-comunicacion-firman-convenio","status":"publish","type":"post","link":"https:\/\/sertv.gob.pa\/nacionalfm\/minsa-y-medios-de-comunicacion-firman-convenio\/","title":{"rendered":"Minsa y medios de comunicaci\u00f3n firman convenio"},"content":{"rendered":"<p>\nUn convenio de cooperaci\u00f3n para la divulgaci\u00f3n de informaci\u00f3n sobre el virus de \u00e9bola firmaron los representantes de medios de comunicaci\u00f3n social con el ministro de Salud, Francisco Javier Terrientes. El convenio est\u00e1 fundamentado en el Decreto N. 31 de 14 de octubre de 2014. <\/p>\n<p>Rafael P\u00e9rez, coordinador de la Comisi\u00f3n Interagencial para trabajar el virus de \u00e9bola, se\u00f1al\u00f3 que la colaboraci\u00f3n de los medios de comunicaci\u00f3n es importante en el trabajo para enfrentar la amenaza que representa el virus, que en \u00c1frica Occidental le ha cobrado la vida a miles de personas. <\/p>\n<p>Por su lado, el ministro Terrientes, indic\u00f3 que como pa\u00eds con un tr\u00e1fico de personas por los distintos puertos de entrada, tiene que estar m\u00e1s vigilante del posible ingreso del virus. <\/p>\n<p>\u00a0 <\/p>\n","protected":false},"excerpt":{"rendered":"<p>Un convenio de cooperaci\u00f3n para la divulgaci\u00f3n de informaci\u00f3n sobre <a href=\"https:\/\/sertv.gob.pa\/nacionalfm\/minsa-y-medios-de-comunicacion-firman-convenio\/\"> [&#8230;]<\/a><\/p>\n","protected":false},"author":1,"featured_media":2647,"comment_status":"closed","ping_status":"closed","sticky":false,"template":"","format":"standard","meta":{"footnotes":""},"categories":[5],"tags":[],"class_list":["post-2646","post","type-post","status-publish","format-standard","has-post-thumbnail","hentry","category-salud"],"_links":{"self":[{"href":"https:\/\/sertv.gob.pa\/nacionalfm\/wp-json\/wp\/v2\/posts\/2646","targetHints":{"allow":["GET"]}}],"collection":[{"href":"https:\/\/sertv.gob.pa\/nacionalfm\/wp-json\/wp\/v2\/posts"}],"about":[{"href":"https:\/\/sertv.gob.pa\/nacionalfm\/wp-json\/wp\/v2\/types\/post"}],"author":[{"embeddable":true,"href":"https:\/\/sertv.gob.pa\/nacionalfm\/wp-json\/wp\/v2\/users\/1"}],"replies":[{"embeddable":true,"href":"https:\/\/sertv.gob.pa\/nacionalfm\/wp-json\/wp\/v2\/comments?post=2646"}],"version-history":[{"count":0,"href":"https:\/\/sertv.gob.pa\/nacionalfm\/wp-json\/wp\/v2\/posts\/2646\/revisions"}],"wp:featuredmedia":[{"embeddable":true,"href":"https:\/\/sertv.gob.pa\/nacionalfm\/wp-json\/wp\/v2\/media\/2647"}],"wp:attachment":[{"href":"https:\/\/sertv.gob.pa\/nacionalfm\/wp-json\/wp\/v2\/media?parent=2646"}],"wp:term":[{"taxonomy":"category","embeddable":true,"href":"https:\/\/sertv.gob.pa\/nacionalfm\/wp-json\/wp\/v2\/categories?post=2646"},{"taxonomy":"post_tag","embeddable":true,"href":"https:\/\/sertv.gob.pa\/nacionalfm\/wp-json\/wp\/v2\/tags?post=2646"}],"curies":[{"name":"wp","href":"https:\/\/api.w.org\/{rel}","templated":true}]}}