{"id":2648,"date":"2014-11-18T05:00:00","date_gmt":"2014-11-18T05:00:00","guid":{"rendered":""},"modified":"2014-11-18T05:00:00","modified_gmt":"2014-11-18T05:00:00","slug":"cinco-defunciones-por-leptospirosis","status":"publish","type":"post","link":"https:\/\/sertv.gob.pa\/nacionalfm\/cinco-defunciones-por-leptospirosis\/","title":{"rendered":"Cinco defunciones por leptospirosis"},"content":{"rendered":"<p>\nLas cinco defunciones reportadas en agosto, en la comunidad de Membrillo, en la provincia de Cocl\u00e9, s\u00ed fueron por la bacteria leptospirosis, ya que descartaron las otras enfermedades que se analizaron mediante las muestras. As\u00ed lo dio a conocer el epidemi\u00f3logo del MINSA, Israel Cede\u00f1o, quien explic\u00f3 que, a pesar de que la leptospirosis no es tan agresiva y letal, las defunciones se dieron por esta bacteria&rsquo;. <\/p>\n<p>La tasa de letalidad de esta enfermedad en Panam\u00e1 es baja (10%), asegur\u00f3 el funcionario. <\/p>\n<p>Tras el \u00faltimo caso el 25 de agosto, fecha de la muerte de Jos\u00e9 Alexander Soto, de 26 a\u00f1os, autoridades del Minsa, para confirmar si era o no la leptospirosis que provoc\u00f3 los decesos enviaron muestras de los fallecidos a una Universidad de Texas en Estados Unidos, para analizar otros virus y enfermedades. De acuerdo con Cede\u00f1o, entre las enfermedades que se descartaron estaba la arenavirus. <\/p>\n<p>Jos\u00e9 An\u00edbal Soto, de 45 a\u00f1os, que muri\u00f3 el 19 de agosto, y Te\u00f3filo Soto, de 74 a\u00f1os, el 24 de agosto, fueron unas de las v\u00edctima de esta bacteria. Ellos, antes de morir, fueron a un sepelio en Membrillo. <\/p>\n<p>\u00a0 <\/p>\n","protected":false},"excerpt":{"rendered":"<p>Las cinco defunciones reportadas en agosto, en la comunidad de <a href=\"https:\/\/sertv.gob.pa\/nacionalfm\/cinco-defunciones-por-leptospirosis\/\"> [&#8230;]<\/a><\/p>\n","protected":false},"author":1,"featured_media":2649,"comment_status":"closed","ping_status":"closed","sticky":false,"template":"","format":"standard","meta":{"footnotes":""},"categories":[5],"tags":[],"class_list":["post-2648","post","type-post","status-publish","format-standard","has-post-thumbnail","hentry","category-salud"],"_links":{"self":[{"href":"https:\/\/sertv.gob.pa\/nacionalfm\/wp-json\/wp\/v2\/posts\/2648","targetHints":{"allow":["GET"]}}],"collection":[{"href":"https:\/\/sertv.gob.pa\/nacionalfm\/wp-json\/wp\/v2\/posts"}],"about":[{"href":"https:\/\/sertv.gob.pa\/nacionalfm\/wp-json\/wp\/v2\/types\/post"}],"author":[{"embeddable":true,"href":"https:\/\/sertv.gob.pa\/nacionalfm\/wp-json\/wp\/v2\/users\/1"}],"replies":[{"embeddable":true,"href":"https:\/\/sertv.gob.pa\/nacionalfm\/wp-json\/wp\/v2\/comments?post=2648"}],"version-history":[{"count":0,"href":"https:\/\/sertv.gob.pa\/nacionalfm\/wp-json\/wp\/v2\/posts\/2648\/revisions"}],"wp:featuredmedia":[{"embeddable":true,"href":"https:\/\/sertv.gob.pa\/nacionalfm\/wp-json\/wp\/v2\/media\/2649"}],"wp:attachment":[{"href":"https:\/\/sertv.gob.pa\/nacionalfm\/wp-json\/wp\/v2\/media?parent=2648"}],"wp:term":[{"taxonomy":"category","embeddable":true,"href":"https:\/\/sertv.gob.pa\/nacionalfm\/wp-json\/wp\/v2\/categories?post=2648"},{"taxonomy":"post_tag","embeddable":true,"href":"https:\/\/sertv.gob.pa\/nacionalfm\/wp-json\/wp\/v2\/tags?post=2648"}],"curies":[{"name":"wp","href":"https:\/\/api.w.org\/{rel}","templated":true}]}}