{"id":26535,"date":"2018-02-07T14:49:54","date_gmt":"2018-02-07T14:49:54","guid":{"rendered":""},"modified":"2018-02-07T14:49:54","modified_gmt":"2018-02-07T14:49:54","slug":"el-permiso-para-la-salida-de-menores-de-edad-se-dara-por-via-digital","status":"publish","type":"post","link":"https:\/\/sertv.gob.pa\/nacionalfm\/el-permiso-para-la-salida-de-menores-de-edad-se-dara-por-via-digital\/","title":{"rendered":"El permiso para la salida de menores de edad se dar\u00e1 por v\u00eda digital"},"content":{"rendered":"<p>\nLas autoridades del Servicio Nacional de Migraci\u00f3n (SNM), con el apoyo t\u00e9cnico de la Autoridad Nacional para la Innovaci\u00f3n Gubernamental (AIG),\u00a0 han dado a conocer, que a\u00a0 partir del pr\u00f3ximo mes de abril, la solicitud de\u00a0 &ldquo;Permiso para la salida de menores de edad del pa\u00eds&rdquo;, \u00a0se llevar\u00e1 a cabo \u00fanicamente de manera digital, como parte del programa  &ldquo;Migraci\u00f3n en L\u00ednea&rdquo;. \u00a0 <\/p>\n<p>El tr\u00e1mite, el cual poseer\u00e1 beneficios de ahorros econ\u00f3micos y en tiempo para el usuario, deber\u00e1 ser solicitado, accediendo desde cualquier dispositivo inteligente, a trav\u00e9s del sitio web\u00a0 www.migracion.gob.pa \u00a0, luego dar click a la secci\u00f3n\u00a0 de &ldquo;Migraci\u00f3n en L\u00ednea&rdquo;, \u00a0elegir opci\u00f3n\u00a0 solicitudes, \u00a0posteriormente acceder a\u00a0 permiso de menores \u00a0y seguir las instrucciones.\u00a0 <\/p>\n<p>Con la oportunidad que ofrece\u00a0 &ldquo;Migraci\u00f3n en L\u00ednea&rdquo;, \u00a0 el \u00fanico documento que se deber\u00e1 llevar a cualquiera de las Notar\u00edas a nivel nacional, ser\u00e1 el\u00a0 formulario o solicitud\u00a0impresa, que emitir\u00e1 el sistema. Es importante subrayar que si los\u00a0 dos (2) padres viajan con el menor solamente necesitan de sus pasaportes, c\u00e9dula juvenil o certificado de nacimiento. <\/p>\n<p>Por otra parte, las Notar\u00edas podr\u00e1n verificar en l\u00ednea con el Tribunal Electoral los datos de los menores de edad; una vez cotejada esta informaci\u00f3n, se registrar\u00e1 una copia digital de este tr\u00e1mite en la plataforma electr\u00f3nica. Cuando el inspector o supervisor migratorio revise el pasaporte en los puestos de salida del pa\u00eds, proceder\u00e1 a comprobar los datos en la plataforma, y de manera inmediata obtendr\u00e1 toda la informaci\u00f3n relacionada al tr\u00e1mite. <\/p>\n<p> De igual forma, \u00a0se recomienda llevar el documento impreso; ya que el SNM puede optar por pedirlo para cualquier verificaci\u00f3n.  <\/p>\n<p>Desde el pasado mes de noviembre, se encuentra habilitada \u00fanicamente la Notar\u00eda 2da de la Rep\u00fablica de Panam\u00e1 para realizar el tr\u00e1mite digital; a partir de\u00a0abril del a\u00f1o en curso, el servicio se extender\u00e1 al resto del pa\u00eds. <\/p>\n<p>Este proceso tecnol\u00f3gico forma parte de la estrategia de modernizaci\u00f3n e innovaci\u00f3n de las entidades del Estado, enmarcada dentro de la Agenda Digital PANAM\u00c1 4.0 y su componente de integraci\u00f3n de las Tecnolog\u00edas de la Informaci\u00f3n y Comunicaciones (TIC), en la poblaci\u00f3n paname\u00f1a. <\/p>\n","protected":false},"excerpt":{"rendered":"<p>Las autoridades del Servicio Nacional de Migraci\u00f3n (SNM), con el <a href=\"https:\/\/sertv.gob.pa\/nacionalfm\/el-permiso-para-la-salida-de-menores-de-edad-se-dara-por-via-digital\/\"> [&#8230;]<\/a><\/p>\n","protected":false},"author":1,"featured_media":26536,"comment_status":"closed","ping_status":"closed","sticky":false,"template":"","format":"standard","meta":{"footnotes":""},"categories":[2],"tags":[],"class_list":["post-26535","post","type-post","status-publish","format-standard","has-post-thumbnail","hentry","category-nacionales"],"_links":{"self":[{"href":"https:\/\/sertv.gob.pa\/nacionalfm\/wp-json\/wp\/v2\/posts\/26535","targetHints":{"allow":["GET"]}}],"collection":[{"href":"https:\/\/sertv.gob.pa\/nacionalfm\/wp-json\/wp\/v2\/posts"}],"about":[{"href":"https:\/\/sertv.gob.pa\/nacionalfm\/wp-json\/wp\/v2\/types\/post"}],"author":[{"embeddable":true,"href":"https:\/\/sertv.gob.pa\/nacionalfm\/wp-json\/wp\/v2\/users\/1"}],"replies":[{"embeddable":true,"href":"https:\/\/sertv.gob.pa\/nacionalfm\/wp-json\/wp\/v2\/comments?post=26535"}],"version-history":[{"count":0,"href":"https:\/\/sertv.gob.pa\/nacionalfm\/wp-json\/wp\/v2\/posts\/26535\/revisions"}],"wp:featuredmedia":[{"embeddable":true,"href":"https:\/\/sertv.gob.pa\/nacionalfm\/wp-json\/wp\/v2\/media\/26536"}],"wp:attachment":[{"href":"https:\/\/sertv.gob.pa\/nacionalfm\/wp-json\/wp\/v2\/media?parent=26535"}],"wp:term":[{"taxonomy":"category","embeddable":true,"href":"https:\/\/sertv.gob.pa\/nacionalfm\/wp-json\/wp\/v2\/categories?post=26535"},{"taxonomy":"post_tag","embeddable":true,"href":"https:\/\/sertv.gob.pa\/nacionalfm\/wp-json\/wp\/v2\/tags?post=26535"}],"curies":[{"name":"wp","href":"https:\/\/api.w.org\/{rel}","templated":true}]}}