{"id":2664,"date":"2014-11-19T05:00:00","date_gmt":"2014-11-19T05:00:00","guid":{"rendered":""},"modified":"2014-11-19T05:00:00","modified_gmt":"2014-11-19T05:00:00","slug":"en-una-granja-en-inglaterra-detectan-gripe-aviar-en-patos","status":"publish","type":"post","link":"https:\/\/sertv.gob.pa\/nacionalfm\/en-una-granja-en-inglaterra-detectan-gripe-aviar-en-patos\/","title":{"rendered":"En una granja en Inglaterra detectan gripe aviar en patos"},"content":{"rendered":"<p>\nSeg\u00fan la Organizaci\u00f3n Mundial de la Salud es posible que estos casos de gripe aviar hayan sido introducidos en el continente por aves migratorias procedentes de Asia.\u00a0 <\/p>\n<p>El brote de gripe aviar detectado en una granja de patos en el norte de Inglaterra corresponde a la cepa H5N8, la misma identificada en Holanda, dio a conocer el Ministerio de Medio Ambiente, Alimentaci\u00f3n y Asuntos Rurales (Defra). <\/p>\n<p>El brote fue detectado en una instalaci\u00f3n agr\u00edcola ubicada en el \u00e1rea de Driffield, en East Yorkshire, y ha llevado a las autoridades a disponer el sacrificio de 6.000 patos. Una portavoz del Defra expres\u00f3 que la cepa es la misma que la encontrada en una granja de pollos en Utrecht (Holanda). <\/p>\n<p>Luego de conocerse el caso, las autoridades sanitarias de Inglaterra han puntualizado que el peligro para la salud p\u00fablica es \u00abmuy bajo\u00bb y que no hay riesgo para la cadena de alimentaci\u00f3n. <\/p>\n<p>La portavoz del Defra inform\u00f3 de que el sacrificio de las aves en East Yorkshire ya ha empezado y se realiza de la forma \u00abm\u00e1s segura y humana\u00bb posible por parte de personal entrenado de la Agencia de Salud Animal del Gobierno brit\u00e1nico. <\/p>\n","protected":false},"excerpt":{"rendered":"<p>Seg\u00fan la Organizaci\u00f3n Mundial de la Salud es posible que <a href=\"https:\/\/sertv.gob.pa\/nacionalfm\/en-una-granja-en-inglaterra-detectan-gripe-aviar-en-patos\/\"> [&#8230;]<\/a><\/p>\n","protected":false},"author":1,"featured_media":2665,"comment_status":"closed","ping_status":"closed","sticky":false,"template":"","format":"standard","meta":{"footnotes":""},"categories":[5],"tags":[],"class_list":["post-2664","post","type-post","status-publish","format-standard","has-post-thumbnail","hentry","category-salud"],"_links":{"self":[{"href":"https:\/\/sertv.gob.pa\/nacionalfm\/wp-json\/wp\/v2\/posts\/2664","targetHints":{"allow":["GET"]}}],"collection":[{"href":"https:\/\/sertv.gob.pa\/nacionalfm\/wp-json\/wp\/v2\/posts"}],"about":[{"href":"https:\/\/sertv.gob.pa\/nacionalfm\/wp-json\/wp\/v2\/types\/post"}],"author":[{"embeddable":true,"href":"https:\/\/sertv.gob.pa\/nacionalfm\/wp-json\/wp\/v2\/users\/1"}],"replies":[{"embeddable":true,"href":"https:\/\/sertv.gob.pa\/nacionalfm\/wp-json\/wp\/v2\/comments?post=2664"}],"version-history":[{"count":0,"href":"https:\/\/sertv.gob.pa\/nacionalfm\/wp-json\/wp\/v2\/posts\/2664\/revisions"}],"wp:featuredmedia":[{"embeddable":true,"href":"https:\/\/sertv.gob.pa\/nacionalfm\/wp-json\/wp\/v2\/media\/2665"}],"wp:attachment":[{"href":"https:\/\/sertv.gob.pa\/nacionalfm\/wp-json\/wp\/v2\/media?parent=2664"}],"wp:term":[{"taxonomy":"category","embeddable":true,"href":"https:\/\/sertv.gob.pa\/nacionalfm\/wp-json\/wp\/v2\/categories?post=2664"},{"taxonomy":"post_tag","embeddable":true,"href":"https:\/\/sertv.gob.pa\/nacionalfm\/wp-json\/wp\/v2\/tags?post=2664"}],"curies":[{"name":"wp","href":"https:\/\/api.w.org\/{rel}","templated":true}]}}