{"id":2674,"date":"2014-11-19T05:00:00","date_gmt":"2014-11-19T05:00:00","guid":{"rendered":""},"modified":"2014-11-19T05:00:00","modified_gmt":"2014-11-19T05:00:00","slug":"en-cocle-se-presenta-primer-caso-de-chikungunya","status":"publish","type":"post","link":"https:\/\/sertv.gob.pa\/nacionalfm\/en-cocle-se-presenta-primer-caso-de-chikungunya\/","title":{"rendered":"En Cocl\u00e9 se presenta primer caso de chikungunya"},"content":{"rendered":"<p>\nEl Ministerio de Salud (Minsa) en Cocl\u00e9 confirm\u00f3 que en esta zona, espec\u00edficamente en Aguadulce, se registr\u00f3 hace unas semanas un caso de chikungunya, pero importado, pues el afectado viaj\u00f3 con la enfermedad desde R\u00edo Abajo, en la ciudad capital, pero ya est\u00e1 estable y fuera de peligro. <\/p>\n<p>El paciente fue atendido en el hospital Rafael Est\u00e9vez de la ciudad de Aguadulce, y es el \u00fanico caso registrado en Cocl\u00e9; no obstante, los operativos siguen para eliminar criaderos con el prop\u00f3sito de evitar casos de dengue y chikungunya. <\/p>\n<p>El caso que se registr\u00f3 fue de un hombre de unos 38 a\u00f1os en la comunidad de El Membrillal de Aguadulce, donde el afectado fue a visitar a un familiar. <\/p>\n<p>Mari Carmen Ja\u00e9n, directora regional del Minsa en Cocl\u00e9, expres\u00f3 que el caso s\u00ed fue importado, y el paciente al sentirse mal fue llevado al hospital de Aguadulce, donde fue atendido y dejado en observaci\u00f3n por los d\u00edas necesarios. <\/p>\n<p>Sin embargo, se\u00f1al\u00f3 Ja\u00e9n, que no hay que bajar la guardia en ninguna comunidad de Cocl\u00e9, pues a nivel nacional se han registrado diez casos. <\/p>\n","protected":false},"excerpt":{"rendered":"<p>El Ministerio de Salud (Minsa) en Cocl\u00e9 confirm\u00f3 que en <a href=\"https:\/\/sertv.gob.pa\/nacionalfm\/en-cocle-se-presenta-primer-caso-de-chikungunya\/\"> [&#8230;]<\/a><\/p>\n","protected":false},"author":1,"featured_media":2675,"comment_status":"closed","ping_status":"closed","sticky":false,"template":"","format":"standard","meta":{"footnotes":""},"categories":[5],"tags":[],"class_list":["post-2674","post","type-post","status-publish","format-standard","has-post-thumbnail","hentry","category-salud"],"_links":{"self":[{"href":"https:\/\/sertv.gob.pa\/nacionalfm\/wp-json\/wp\/v2\/posts\/2674","targetHints":{"allow":["GET"]}}],"collection":[{"href":"https:\/\/sertv.gob.pa\/nacionalfm\/wp-json\/wp\/v2\/posts"}],"about":[{"href":"https:\/\/sertv.gob.pa\/nacionalfm\/wp-json\/wp\/v2\/types\/post"}],"author":[{"embeddable":true,"href":"https:\/\/sertv.gob.pa\/nacionalfm\/wp-json\/wp\/v2\/users\/1"}],"replies":[{"embeddable":true,"href":"https:\/\/sertv.gob.pa\/nacionalfm\/wp-json\/wp\/v2\/comments?post=2674"}],"version-history":[{"count":0,"href":"https:\/\/sertv.gob.pa\/nacionalfm\/wp-json\/wp\/v2\/posts\/2674\/revisions"}],"wp:featuredmedia":[{"embeddable":true,"href":"https:\/\/sertv.gob.pa\/nacionalfm\/wp-json\/wp\/v2\/media\/2675"}],"wp:attachment":[{"href":"https:\/\/sertv.gob.pa\/nacionalfm\/wp-json\/wp\/v2\/media?parent=2674"}],"wp:term":[{"taxonomy":"category","embeddable":true,"href":"https:\/\/sertv.gob.pa\/nacionalfm\/wp-json\/wp\/v2\/categories?post=2674"},{"taxonomy":"post_tag","embeddable":true,"href":"https:\/\/sertv.gob.pa\/nacionalfm\/wp-json\/wp\/v2\/tags?post=2674"}],"curies":[{"name":"wp","href":"https:\/\/api.w.org\/{rel}","templated":true}]}}