{"id":2692,"date":"2014-11-20T05:00:00","date_gmt":"2014-11-20T05:00:00","guid":{"rendered":""},"modified":"2014-11-20T05:00:00","modified_gmt":"2014-11-20T05:00:00","slug":"ii-congreso-nacional-de-pediatria-en-hospital-del-nino","status":"publish","type":"post","link":"https:\/\/sertv.gob.pa\/nacionalfm\/ii-congreso-nacional-de-pediatria-en-hospital-del-nino\/","title":{"rendered":"II Congreso Nacional de Pediatr\u00eda en Hospital del Ni\u00f1o"},"content":{"rendered":"<p>\nEl II Congreso Nacional de Pediatr\u00eda se lleva a cabo en el Hospital del Ni\u00f1o (HN), \u00a0en el que 700 especialistas y enfermeras se capacitan en temas como reemplazo renal en el paciente pedi\u00e1trico, anemia, buenas pr\u00e1cticas perinatales, reanimaci\u00f3n neonatal, entre otras. <\/p>\n<p>El \u00a0director m\u00e9dico del nosocomio, Paul Gallardo, expres\u00f3 que esta clase de congreso busca formar a los galenos en atenciones de alta complejidad, ya que en todo el pa\u00eds somos el hospital con mayor referencia para la atenci\u00f3n de ni\u00f1os. <\/p>\n<p>\u00a0 <\/p>\n","protected":false},"excerpt":{"rendered":"<p>El II Congreso Nacional de Pediatr\u00eda se lleva a cabo <a href=\"https:\/\/sertv.gob.pa\/nacionalfm\/ii-congreso-nacional-de-pediatria-en-hospital-del-nino\/\"> [&#8230;]<\/a><\/p>\n","protected":false},"author":1,"featured_media":2693,"comment_status":"closed","ping_status":"closed","sticky":false,"template":"","format":"standard","meta":{"footnotes":""},"categories":[5],"tags":[],"class_list":["post-2692","post","type-post","status-publish","format-standard","has-post-thumbnail","hentry","category-salud"],"_links":{"self":[{"href":"https:\/\/sertv.gob.pa\/nacionalfm\/wp-json\/wp\/v2\/posts\/2692","targetHints":{"allow":["GET"]}}],"collection":[{"href":"https:\/\/sertv.gob.pa\/nacionalfm\/wp-json\/wp\/v2\/posts"}],"about":[{"href":"https:\/\/sertv.gob.pa\/nacionalfm\/wp-json\/wp\/v2\/types\/post"}],"author":[{"embeddable":true,"href":"https:\/\/sertv.gob.pa\/nacionalfm\/wp-json\/wp\/v2\/users\/1"}],"replies":[{"embeddable":true,"href":"https:\/\/sertv.gob.pa\/nacionalfm\/wp-json\/wp\/v2\/comments?post=2692"}],"version-history":[{"count":0,"href":"https:\/\/sertv.gob.pa\/nacionalfm\/wp-json\/wp\/v2\/posts\/2692\/revisions"}],"wp:featuredmedia":[{"embeddable":true,"href":"https:\/\/sertv.gob.pa\/nacionalfm\/wp-json\/wp\/v2\/media\/2693"}],"wp:attachment":[{"href":"https:\/\/sertv.gob.pa\/nacionalfm\/wp-json\/wp\/v2\/media?parent=2692"}],"wp:term":[{"taxonomy":"category","embeddable":true,"href":"https:\/\/sertv.gob.pa\/nacionalfm\/wp-json\/wp\/v2\/categories?post=2692"},{"taxonomy":"post_tag","embeddable":true,"href":"https:\/\/sertv.gob.pa\/nacionalfm\/wp-json\/wp\/v2\/tags?post=2692"}],"curies":[{"name":"wp","href":"https:\/\/api.w.org\/{rel}","templated":true}]}}