{"id":2696,"date":"2014-11-20T05:00:00","date_gmt":"2014-11-20T05:00:00","guid":{"rendered":""},"modified":"2014-11-20T05:00:00","modified_gmt":"2014-11-20T05:00:00","slug":"novedoso-ensayo-clinico-contra-el-vih","status":"publish","type":"post","link":"https:\/\/sertv.gob.pa\/nacionalfm\/novedoso-ensayo-clinico-contra-el-vih\/","title":{"rendered":"Novedoso ensayo cl\u00ednico contra el VIH"},"content":{"rendered":"<p>\nUn novedoso ensayo cl\u00ednico estudia el trasplante de sangre de cord\u00f3n umbilical para erradicar el VIH en pacientes con c\u00e1ncer <\/p>\n<p>En 2015 empezar\u00e1 el primer ensayo cl\u00ednico del mundo para evaluar el uso terap\u00e9utico de la sangre del cord\u00f3n umbilical en pacientes con VIH enfermos de c\u00e1ncer en la sangre, la m\u00e9dula \u00f3sea o los ganglios linf\u00e1ticos. <\/p>\n<p>El estudio, que cuenta con el apoyo de la Organizaci\u00f3n Nacional de Trasplantes (ONT) y la Sociedad Espa\u00f1ola de Hematolog\u00eda y Hemoterapia, estar\u00e1 liderado por Rafael Duarte, miembro del Instituto Catal\u00e1n de Oncolog\u00eda. <\/p>\n<p>Este ensayo pionero, que pretende curar el c\u00e1ncer y erradicar el VIH con un solo trasplante, recurrir\u00e1 a sangre de cord\u00f3n umbilical con una mutaci\u00f3n gen\u00e9tica, la variante CCR5 Delta 32, que parece conferir resistencia natural a la infecci\u00f3n por VIH. <\/p>\n<p>\u00a0 <\/p>\n","protected":false},"excerpt":{"rendered":"<p>Un novedoso ensayo cl\u00ednico estudia el trasplante de sangre de <a href=\"https:\/\/sertv.gob.pa\/nacionalfm\/novedoso-ensayo-clinico-contra-el-vih\/\"> [&#8230;]<\/a><\/p>\n","protected":false},"author":1,"featured_media":2697,"comment_status":"closed","ping_status":"closed","sticky":false,"template":"","format":"standard","meta":{"footnotes":""},"categories":[5],"tags":[],"class_list":["post-2696","post","type-post","status-publish","format-standard","has-post-thumbnail","hentry","category-salud"],"_links":{"self":[{"href":"https:\/\/sertv.gob.pa\/nacionalfm\/wp-json\/wp\/v2\/posts\/2696","targetHints":{"allow":["GET"]}}],"collection":[{"href":"https:\/\/sertv.gob.pa\/nacionalfm\/wp-json\/wp\/v2\/posts"}],"about":[{"href":"https:\/\/sertv.gob.pa\/nacionalfm\/wp-json\/wp\/v2\/types\/post"}],"author":[{"embeddable":true,"href":"https:\/\/sertv.gob.pa\/nacionalfm\/wp-json\/wp\/v2\/users\/1"}],"replies":[{"embeddable":true,"href":"https:\/\/sertv.gob.pa\/nacionalfm\/wp-json\/wp\/v2\/comments?post=2696"}],"version-history":[{"count":0,"href":"https:\/\/sertv.gob.pa\/nacionalfm\/wp-json\/wp\/v2\/posts\/2696\/revisions"}],"wp:featuredmedia":[{"embeddable":true,"href":"https:\/\/sertv.gob.pa\/nacionalfm\/wp-json\/wp\/v2\/media\/2697"}],"wp:attachment":[{"href":"https:\/\/sertv.gob.pa\/nacionalfm\/wp-json\/wp\/v2\/media?parent=2696"}],"wp:term":[{"taxonomy":"category","embeddable":true,"href":"https:\/\/sertv.gob.pa\/nacionalfm\/wp-json\/wp\/v2\/categories?post=2696"},{"taxonomy":"post_tag","embeddable":true,"href":"https:\/\/sertv.gob.pa\/nacionalfm\/wp-json\/wp\/v2\/tags?post=2696"}],"curies":[{"name":"wp","href":"https:\/\/api.w.org\/{rel}","templated":true}]}}