{"id":27,"date":"2014-07-02T05:00:00","date_gmt":"2014-07-02T05:00:00","guid":{"rendered":""},"modified":"2014-07-02T05:00:00","modified_gmt":"2014-07-02T05:00:00","slug":"consejo-municipal-elige-nueva-junta-directiva-este-miercoles-2-de-julio","status":"publish","type":"post","link":"https:\/\/sertv.gob.pa\/nacionalfm\/consejo-municipal-elige-nueva-junta-directiva-este-miercoles-2-de-julio\/","title":{"rendered":"Consejo Municipal elige nueva junta directiva este mi\u00e9rcoles, 2 de julio"},"content":{"rendered":"<p>\nSeg\u00fan dio a conocer el alcalde, Jos\u00e9 Isabel Bland\u00f3n, en la tarde de \u00e9ste mi\u00e9rcoles, 2 de julio, el  Consejo Municipal de Panam\u00e1  se reunir\u00e1 con el prop\u00f3sito de escoger la nueva  junta directiva.   <\/p>\n<p>De igual manera, Bland\u00f3n tambi\u00e9n anunci\u00f3 que se elegir\u00e1 al  director de Obras  y se ratificar\u00e1 al  tesorero municipal.  <\/p>\n<p>Es importante resaltar, que las bancadas de representantes del Partido Revolucionario Democr\u00e1tico (PRD) y el Paname\u00f1ista recientemente   llegaron a un acuerdo para que el Consejo Municipal sea presidido por un miembro del PRD y que la vicepresidencia le corresponda a un Paname\u00f1ista.\u00a0 @nacionalFm <\/p>\n","protected":false},"excerpt":{"rendered":"<p>Seg\u00fan dio a conocer el alcalde, Jos\u00e9 Isabel Bland\u00f3n, en <a href=\"https:\/\/sertv.gob.pa\/nacionalfm\/consejo-municipal-elige-nueva-junta-directiva-este-miercoles-2-de-julio\/\"> [&#8230;]<\/a><\/p>\n","protected":false},"author":1,"featured_media":28,"comment_status":"closed","ping_status":"closed","sticky":false,"template":"","format":"standard","meta":{"footnotes":""},"categories":[2],"tags":[],"class_list":["post-27","post","type-post","status-publish","format-standard","has-post-thumbnail","hentry","category-nacionales"],"_links":{"self":[{"href":"https:\/\/sertv.gob.pa\/nacionalfm\/wp-json\/wp\/v2\/posts\/27","targetHints":{"allow":["GET"]}}],"collection":[{"href":"https:\/\/sertv.gob.pa\/nacionalfm\/wp-json\/wp\/v2\/posts"}],"about":[{"href":"https:\/\/sertv.gob.pa\/nacionalfm\/wp-json\/wp\/v2\/types\/post"}],"author":[{"embeddable":true,"href":"https:\/\/sertv.gob.pa\/nacionalfm\/wp-json\/wp\/v2\/users\/1"}],"replies":[{"embeddable":true,"href":"https:\/\/sertv.gob.pa\/nacionalfm\/wp-json\/wp\/v2\/comments?post=27"}],"version-history":[{"count":0,"href":"https:\/\/sertv.gob.pa\/nacionalfm\/wp-json\/wp\/v2\/posts\/27\/revisions"}],"wp:featuredmedia":[{"embeddable":true,"href":"https:\/\/sertv.gob.pa\/nacionalfm\/wp-json\/wp\/v2\/media\/28"}],"wp:attachment":[{"href":"https:\/\/sertv.gob.pa\/nacionalfm\/wp-json\/wp\/v2\/media?parent=27"}],"wp:term":[{"taxonomy":"category","embeddable":true,"href":"https:\/\/sertv.gob.pa\/nacionalfm\/wp-json\/wp\/v2\/categories?post=27"},{"taxonomy":"post_tag","embeddable":true,"href":"https:\/\/sertv.gob.pa\/nacionalfm\/wp-json\/wp\/v2\/tags?post=27"}],"curies":[{"name":"wp","href":"https:\/\/api.w.org\/{rel}","templated":true}]}}