{"id":2700,"date":"2014-11-20T05:00:00","date_gmt":"2014-11-20T05:00:00","guid":{"rendered":""},"modified":"2014-11-20T05:00:00","modified_gmt":"2014-11-20T05:00:00","slug":"la-desnutricion-sera-disminuida-en-guatemala","status":"publish","type":"post","link":"https:\/\/sertv.gob.pa\/nacionalfm\/la-desnutricion-sera-disminuida-en-guatemala\/","title":{"rendered":"La desnutrici\u00f3n ser\u00e1 disminuida en Guatemala"},"content":{"rendered":"<p>\nEl secretario de Seguridad Alimentaria y Nutricional de Guatemala, Germ\u00e1n Rafael Gonz\u00e1lez, asegur\u00f3 en la sede de la FAO en Roma que su pa\u00eds trabajar\u00e1 para disminuir la desnutrici\u00f3n, que afecta a uno de cada dos ni\u00f1os guatemaltecos. <\/p>\n<p>Gonz\u00e1lez defendi\u00f3 los avances del pa\u00eds en materia alimentaria y nutricional en la Segunda Conferencia Internacional sobre Nutrici\u00f3n (CIN2) celebrada en la capital italiana y organizada conjuntamente por la Organizaci\u00f3n de las Naciones Unidas para la Alimentaci\u00f3n y la Agricultura (FAO) y la Organizaci\u00f3n Mundial de la Salud (OMS). <\/p>\n<p>En su discurso, defendi\u00f3 las actuaciones de Guatemala para reducir el hambre y asegur\u00f3 que el camino que sigue el pa\u00eds &lsquo;est\u00e1 dando resultados&rsquo; porque, en un a\u00f1o, ha logrado disminuir un 1,7 % la desnutrici\u00f3n cr\u00f3nica y un 4,5 % la anemia en menores de cinco a\u00f1os. <\/p>\n<p>En el caso de la desnutrici\u00f3n aguda, manifest\u00f3 que se ha reducido a un fallecido por cada 100 casos detectados y 1,4 puntos porcentuales en la desnutrici\u00f3n cr\u00f3nica. <\/p>\n<p>&lsquo;Estos resultados nos marcan la hoja de ruta de que en los pr\u00f3ximos a\u00f1os podemos hacer reducciones m\u00e1s precisas y mayores para reducir el flagelo que afecta a uno de cada dos ni\u00f1os&rsquo;, incidi\u00f3. <\/p>\n<p>\u00a0 <\/p>\n","protected":false},"excerpt":{"rendered":"<p>El secretario de Seguridad Alimentaria y Nutricional de Guatemala, Germ\u00e1n <a href=\"https:\/\/sertv.gob.pa\/nacionalfm\/la-desnutricion-sera-disminuida-en-guatemala\/\"> [&#8230;]<\/a><\/p>\n","protected":false},"author":1,"featured_media":2701,"comment_status":"closed","ping_status":"closed","sticky":false,"template":"","format":"standard","meta":{"footnotes":""},"categories":[5],"tags":[],"class_list":["post-2700","post","type-post","status-publish","format-standard","has-post-thumbnail","hentry","category-salud"],"_links":{"self":[{"href":"https:\/\/sertv.gob.pa\/nacionalfm\/wp-json\/wp\/v2\/posts\/2700","targetHints":{"allow":["GET"]}}],"collection":[{"href":"https:\/\/sertv.gob.pa\/nacionalfm\/wp-json\/wp\/v2\/posts"}],"about":[{"href":"https:\/\/sertv.gob.pa\/nacionalfm\/wp-json\/wp\/v2\/types\/post"}],"author":[{"embeddable":true,"href":"https:\/\/sertv.gob.pa\/nacionalfm\/wp-json\/wp\/v2\/users\/1"}],"replies":[{"embeddable":true,"href":"https:\/\/sertv.gob.pa\/nacionalfm\/wp-json\/wp\/v2\/comments?post=2700"}],"version-history":[{"count":0,"href":"https:\/\/sertv.gob.pa\/nacionalfm\/wp-json\/wp\/v2\/posts\/2700\/revisions"}],"wp:featuredmedia":[{"embeddable":true,"href":"https:\/\/sertv.gob.pa\/nacionalfm\/wp-json\/wp\/v2\/media\/2701"}],"wp:attachment":[{"href":"https:\/\/sertv.gob.pa\/nacionalfm\/wp-json\/wp\/v2\/media?parent=2700"}],"wp:term":[{"taxonomy":"category","embeddable":true,"href":"https:\/\/sertv.gob.pa\/nacionalfm\/wp-json\/wp\/v2\/categories?post=2700"},{"taxonomy":"post_tag","embeddable":true,"href":"https:\/\/sertv.gob.pa\/nacionalfm\/wp-json\/wp\/v2\/tags?post=2700"}],"curies":[{"name":"wp","href":"https:\/\/api.w.org\/{rel}","templated":true}]}}