{"id":27075,"date":"2018-03-07T13:16:40","date_gmt":"2018-03-07T13:16:40","guid":{"rendered":""},"modified":"2018-03-07T13:16:40","modified_gmt":"2018-03-07T13:16:40","slug":"bomberos-panamenos-practican-tecnicas-de-rescate-en-laderas-y-riscos","status":"publish","type":"post","link":"https:\/\/sertv.gob.pa\/nacionalfm\/bomberos-panamenos-practican-tecnicas-de-rescate-en-laderas-y-riscos\/","title":{"rendered":"Bomberos paname\u00f1os practican t\u00e9cnicas de rescate en laderas y riscos"},"content":{"rendered":"<p>\nAfianzar las t\u00e9cnicas de rescate en \u00e1reas de dif\u00edcil acceso como laderas y riscos, fue el objetivo fundamental de la pr\u00e1ctica que llev\u00f3 a cabo, personal del Benem\u00e9rito Cuerpo de Bomberos de la Rep\u00fablica de Panam\u00e1 (BCBRP), Zona Regional de Herrera. <\/p>\n<p>Personal de la Direcci\u00f3n de Operaciones de Extinci\u00f3n, B\u00fasqueda y Rescate (DOEXBURE), que forman parte de la Fuerza de Tarea Conjunta, as\u00ed como Bomberos Voluntarios y del Servicio de Atenci\u00f3n M\u00e9dica Pre-Hospitalaria de Rescate (SAMER), participaron en este adiestramiento que se realiz\u00f3 en La Loma de los Chicharrones en Chitr\u00e9. <\/p>\n<p>Pr\u00e1ctica en orientaci\u00f3n de campo, rescate vertical en laderas y riscos fueron algunos de los ejercicios trabajados por los camisas rojas durante esta jornada de formaci\u00f3n. <\/p>\n<p>Cabe recordar, que refrescar conocimientos y estar preparados para cuando ocurra una emergencia, es la misi\u00f3n de estos hombres y mujeres que conforman las filas del BCBRP, quienes se encuentran al servicio de las comunidades. <\/p>\n","protected":false},"excerpt":{"rendered":"<p>Afianzar las t\u00e9cnicas de rescate en \u00e1reas de dif\u00edcil acceso <a href=\"https:\/\/sertv.gob.pa\/nacionalfm\/bomberos-panamenos-practican-tecnicas-de-rescate-en-laderas-y-riscos\/\"> [&#8230;]<\/a><\/p>\n","protected":false},"author":1,"featured_media":27076,"comment_status":"closed","ping_status":"closed","sticky":false,"template":"","format":"standard","meta":{"footnotes":""},"categories":[2],"tags":[],"class_list":["post-27075","post","type-post","status-publish","format-standard","has-post-thumbnail","hentry","category-nacionales"],"_links":{"self":[{"href":"https:\/\/sertv.gob.pa\/nacionalfm\/wp-json\/wp\/v2\/posts\/27075","targetHints":{"allow":["GET"]}}],"collection":[{"href":"https:\/\/sertv.gob.pa\/nacionalfm\/wp-json\/wp\/v2\/posts"}],"about":[{"href":"https:\/\/sertv.gob.pa\/nacionalfm\/wp-json\/wp\/v2\/types\/post"}],"author":[{"embeddable":true,"href":"https:\/\/sertv.gob.pa\/nacionalfm\/wp-json\/wp\/v2\/users\/1"}],"replies":[{"embeddable":true,"href":"https:\/\/sertv.gob.pa\/nacionalfm\/wp-json\/wp\/v2\/comments?post=27075"}],"version-history":[{"count":0,"href":"https:\/\/sertv.gob.pa\/nacionalfm\/wp-json\/wp\/v2\/posts\/27075\/revisions"}],"wp:featuredmedia":[{"embeddable":true,"href":"https:\/\/sertv.gob.pa\/nacionalfm\/wp-json\/wp\/v2\/media\/27076"}],"wp:attachment":[{"href":"https:\/\/sertv.gob.pa\/nacionalfm\/wp-json\/wp\/v2\/media?parent=27075"}],"wp:term":[{"taxonomy":"category","embeddable":true,"href":"https:\/\/sertv.gob.pa\/nacionalfm\/wp-json\/wp\/v2\/categories?post=27075"},{"taxonomy":"post_tag","embeddable":true,"href":"https:\/\/sertv.gob.pa\/nacionalfm\/wp-json\/wp\/v2\/tags?post=27075"}],"curies":[{"name":"wp","href":"https:\/\/api.w.org\/{rel}","templated":true}]}}