{"id":27083,"date":"2018-03-07T14:58:26","date_gmt":"2018-03-07T14:58:26","guid":{"rendered":""},"modified":"2018-03-07T14:58:26","modified_gmt":"2018-03-07T14:58:26","slug":"autoridades-de-la-alcaldia-de-panama-restauran-parques-vecinales","status":"publish","type":"post","link":"https:\/\/sertv.gob.pa\/nacionalfm\/autoridades-de-la-alcaldia-de-panama-restauran-parques-vecinales\/","title":{"rendered":"Autoridades de la Alcald\u00eda de Panam\u00e1, restauran parques vecinales"},"content":{"rendered":"<p>\nLos trabajos que se ejecutan desde el 2017, a fin de dotar de mobiliario urbano, juegos infantiles, equipos biosaludables y \u00e1reas de uso canino avanzan a buen ritmo. En este sentido, el martes, 6 de marzo, representante de la Alcald\u00eda de Panam\u00e1, efectuaron un recorrido para darle seguimiento a las intervenciones. <\/p>\n<p>Al respecto, el alcalde capitalino, Jos\u00e9 Bland\u00f3n Figueroa, enfatiz\u00f3, que para mayo de este a\u00f1o, se espera que culminen los trabajos en unos 45 parques vecinales. <\/p>\n<p>\u00ab\u00a1Ya no habr\u00e1 m\u00e1s excusas para no hacer ejercicios! Para mayo, la primera mitad de los parques contar\u00e1n con m\u00e1quinas de hacer ejercicios, adem\u00e1s de luminarias y un nuevo mobiliario. Antes de culminar este a\u00f1o, se arreglar\u00e1n 45 parques m\u00e1s, para el gran total de 90 parques mejorados, s\u00f3lo en este a\u00f1o 2018\u00bb, exterioriz\u00f3 Bland\u00f3n. <\/p>\n<p>La obra est\u00e1 a cargo de la empresa\u00a0Educational Furniture\u00a0&#038;\u00a0Technology S.A., a una suma de $12 millones. <\/p>\n<p> En esta gesti\u00f3n, se beneficiar\u00e1n los\u00a0corregimientos de Juan D\u00edaz (24 parques), Betania (12 parques), Tocumen (10 parques), Pueblo Nuevo (3 parques), R\u00edo Abajo (3 parques), \u00a0Las Ma\u00f1anitas (11 parques), Pacora (9 parques), 24 de diciembre (10 parques), Caimitillo \u00a0(1 parque) \u00a0y Las Cumbres \u00a0(4 parques).  <\/p>\n<p>Actualmente, la \u00a0municipalidad, tiene 507 parques bajo su administraci\u00f3n para mantenimiento que incluyen la zona norte, este y centro de la ciudad. <\/p>\n<p>Aqu\u00ed la lista de los 90 parques que se est\u00e1n interviniendo:\u00a0 <\/p>\n<p> Juan D\u00edaz  <\/p>\n<p>&bull;\u00a0\u00a0\u00a0\u00a0\u00a0\u00a0\u00a0 Concepci\u00f3n <\/p>\n<p>&bull;\u00a0\u00a0\u00a0\u00a0\u00a0\u00a0\u00a0 Concepci\u00f3n La Vieja <\/p>\n<p>&bull;\u00a0\u00a0\u00a0\u00a0\u00a0\u00a0\u00a0 Concepci\u00f3n La Nueva <\/p>\n<p>&bull;\u00a0\u00a0\u00a0\u00a0\u00a0\u00a0\u00a0 San Fernando <\/p>\n<p>&bull;\u00a0\u00a0\u00a0\u00a0\u00a0\u00a0\u00a0 Jose M. Torrijos <\/p>\n<p>&bull;\u00a0\u00a0\u00a0\u00a0\u00a0\u00a0\u00a0 San Pedro No. 1 <\/p>\n<p>&bull;\u00a0\u00a0\u00a0\u00a0\u00a0\u00a0\u00a0 Santa Clara <\/p>\n<p>&bull;\u00a0\u00a0\u00a0\u00a0\u00a0\u00a0\u00a0 Campo Limberg <\/p>\n<p>&bull;\u00a0\u00a0\u00a0\u00a0\u00a0\u00a0\u00a0 Residencial Ol\u00edmpico <\/p>\n<p>\u00a0 <\/p>\n<p> Don Bosco  <\/p>\n<p>&bull;\u00a0\u00a0\u00a0\u00a0\u00a0\u00a0\u00a0 Los Caobos <\/p>\n<p>&bull;\u00a0\u00a0\u00a0\u00a0\u00a0\u00a0\u00a0 Los Caobos 2 <\/p>\n<p>&bull;\u00a0\u00a0\u00a0\u00a0\u00a0\u00a0\u00a0 Los Robles Norte <\/p>\n<p>&bull;\u00a0\u00a0\u00a0\u00a0\u00a0\u00a0\u00a0 Los Robles Sur <\/p>\n<p>&bull;\u00a0\u00a0\u00a0\u00a0\u00a0\u00a0\u00a0 Colinas del Prado <\/p>\n<p>&bull;\u00a0\u00a0\u00a0\u00a0\u00a0\u00a0\u00a0 Bello Horizonte <\/p>\n<p>&bull;\u00a0\u00a0\u00a0\u00a0\u00a0\u00a0\u00a0 Teremar (Calle 3ra) <\/p>\n<p>&bull;\u00a0\u00a0\u00a0\u00a0\u00a0\u00a0\u00a0 Teremar (Calle 6ta) <\/p>\n<p>&bull;\u00a0\u00a0\u00a0\u00a0\u00a0\u00a0\u00a0 Teremoar (Calle 10ma) <\/p>\n<p>&bull;\u00a0\u00a0\u00a0\u00a0\u00a0\u00a0\u00a0 Villa Catalina <\/p>\n<p>&bull;\u00a0\u00a0\u00a0\u00a0\u00a0\u00a0\u00a0 Infantil de Villa Catalina <\/p>\n<p>&bull;\u00a0\u00a0\u00a0\u00a0\u00a0\u00a0\u00a0 La Riviera (Calle Principal) <\/p>\n<p>&bull;\u00a0\u00a0\u00a0\u00a0\u00a0\u00a0\u00a0 La Riviera (Circunvalaci\u00f3n, calle B) <\/p>\n<p>&bull;\u00a0\u00a0\u00a0\u00a0\u00a0\u00a0\u00a0 La Riviera (Circunvalaci\u00f3n, calle A) <\/p>\n<p>&bull;\u00a0\u00a0\u00a0\u00a0\u00a0\u00a0\u00a0 La Riviera (Final de Calle 7) <\/p>\n<p>\u00a0 <\/p>\n<p> Betania  <\/p>\n<p>&bull;\u00a0\u00a0\u00a0\u00a0\u00a0\u00a0\u00a0 Santa Eduviges <\/p>\n<p>&bull;\u00a0\u00a0\u00a0\u00a0\u00a0\u00a0\u00a0 Sara Sotillo <\/p>\n<p>&bull;\u00a0\u00a0\u00a0\u00a0\u00a0\u00a0\u00a0 Villa de las Fuentes No. 2 <\/p>\n<p>&bull;\u00a0\u00a0\u00a0\u00a0\u00a0\u00a0\u00a0 Chucunaque <\/p>\n<p>&bull;\u00a0\u00a0\u00a0\u00a0\u00a0\u00a0\u00a0 Los Libertadores <\/p>\n<p>&bull;\u00a0\u00a0\u00a0\u00a0\u00a0\u00a0\u00a0 Los \u00c1ngeles <\/p>\n<p>&bull;\u00a0\u00a0\u00a0\u00a0\u00a0\u00a0\u00a0 J.J Vallarino <\/p>\n<p>&bull;\u00a0\u00a0\u00a0\u00a0\u00a0\u00a0\u00a0 El Milagro 2 <\/p>\n<p>&bull;\u00a0\u00a0\u00a0\u00a0\u00a0\u00a0\u00a0 Villa Soberan\u00eda <\/p>\n<p>&bull;\u00a0\u00a0\u00a0\u00a0\u00a0\u00a0\u00a0 Parque la Gloria (Parque May\u00edn Correa) <\/p>\n<p>&bull;\u00a0\u00a0\u00a0\u00a0\u00a0\u00a0\u00a0 Santa Marta <\/p>\n<p>&bull;\u00a0\u00a0\u00a0\u00a0\u00a0\u00a0\u00a0 Linda Vista <\/p>\n<p>&bull;\u00a0\u00a0\u00a0\u00a0\u00a0\u00a0\u00a0 Urb. Colonial Real 1 <\/p>\n<p>&bull;\u00a0\u00a0\u00a0\u00a0\u00a0\u00a0\u00a0 Urb. Colonial Real 2 <\/p>\n<p>\u00a0 <\/p>\n<p> Tocumen  <\/p>\n<p>&bull;\u00a0\u00a0\u00a0\u00a0\u00a0\u00a0\u00a0 Ciudad Bel\u00e9n 1 <\/p>\n<p>&bull;\u00a0\u00a0\u00a0\u00a0\u00a0\u00a0\u00a0 Torre Molino 1 <\/p>\n<p>&bull;\u00a0\u00a0\u00a0\u00a0\u00a0\u00a0\u00a0 Punta del Este 1 <\/p>\n<p>&bull;\u00a0\u00a0\u00a0\u00a0\u00a0\u00a0\u00a0 Dos R\u00edos 1 <\/p>\n<p>&bull;\u00a0\u00a0\u00a0\u00a0\u00a0\u00a0\u00a0 Miguel Moreno Sector Sur <\/p>\n<p>&bull;\u00a0\u00a0\u00a0\u00a0\u00a0\u00a0\u00a0 Villa de la Siesta 1 <\/p>\n<p>&bull;\u00a0\u00a0\u00a0\u00a0\u00a0\u00a0\u00a0 Buena Vista 1 <\/p>\n<p>&bull;\u00a0\u00a0\u00a0\u00a0\u00a0\u00a0\u00a0 La Siesta 4 <\/p>\n<p>&bull;\u00a0\u00a0\u00a0\u00a0\u00a0\u00a0\u00a0 Barriada Puerta del Este <\/p>\n<p>&bull;\u00a0\u00a0\u00a0\u00a0\u00a0\u00a0\u00a0 Barriada Torremolino 2 <\/p>\n<p> Pueblo Nuevo  <\/p>\n<p>&bull;\u00a0\u00a0\u00a0\u00a0\u00a0\u00a0\u00a0 Anapolis <\/p>\n<p>&bull;\u00a0\u00a0\u00a0\u00a0\u00a0\u00a0\u00a0 Villa Bonanza <\/p>\n<p>&bull;\u00a0\u00a0\u00a0\u00a0\u00a0\u00a0\u00a0 Villa Lucero <\/p>\n<p> R\u00edo Abajo  <\/p>\n<p>&bull;\u00a0\u00a0\u00a0\u00a0\u00a0\u00a0\u00a0 San Cristobal #2 <\/p>\n<p>&bull;\u00a0\u00a0\u00a0\u00a0\u00a0\u00a0\u00a0 Villa Lorena <\/p>\n<p>&bull;\u00a0\u00a0\u00a0\u00a0\u00a0\u00a0\u00a0 Marcasa <\/p>\n<p> Ma\u00f1anitas  <\/p>\n<p>&bull;\u00a0\u00a0\u00a0\u00a0\u00a0\u00a0\u00a0 Parque Palermo <\/p>\n<p>&bull;\u00a0\u00a0\u00a0\u00a0\u00a0\u00a0\u00a0 Parque Real # 1, Entrada <\/p>\n<p>&bull;\u00a0\u00a0\u00a0\u00a0\u00a0\u00a0\u00a0 Parque Real # 2 <\/p>\n<p>&bull;\u00a0\u00a0\u00a0\u00a0\u00a0\u00a0\u00a0 Parque Las Am\u00e9ricas <\/p>\n<p>&bull;\u00a0\u00a0\u00a0\u00a0\u00a0\u00a0\u00a0 Parque Los Nogales <\/p>\n<p>&bull;\u00a0\u00a0\u00a0\u00a0\u00a0\u00a0\u00a0 Parque Alicante # 1 <\/p>\n<p>&bull;\u00a0\u00a0\u00a0\u00a0\u00a0\u00a0\u00a0 Parque Alicante # 2 <\/p>\n<p>&bull;\u00a0\u00a0\u00a0\u00a0\u00a0\u00a0\u00a0 Parque Alicante # 3 <\/p>\n<p>&bull;\u00a0\u00a0\u00a0\u00a0\u00a0\u00a0\u00a0 Parque Ciudad Jard\u00edn <\/p>\n<p> Pacora  <\/p>\n<p>&bull;\u00a0\u00a0\u00a0\u00a0\u00a0\u00a0\u00a0 San Juan # 2 <\/p>\n<p>&bull;\u00a0\u00a0\u00a0\u00a0\u00a0\u00a0\u00a0 Tr\u00e9bol # 1 <\/p>\n<p>&bull;\u00a0\u00a0\u00a0\u00a0\u00a0\u00a0\u00a0 Tr\u00e9bol # 2 <\/p>\n<p>&bull;\u00a0\u00a0\u00a0\u00a0\u00a0\u00a0\u00a0 Tr\u00e9bol # 3 <\/p>\n<p>&bull;\u00a0\u00a0\u00a0\u00a0\u00a0\u00a0\u00a0 Santa Rita <\/p>\n<p>&bull;\u00a0\u00a0\u00a0\u00a0\u00a0\u00a0\u00a0 Villas de Santa Rita <\/p>\n<p>&bull;\u00a0\u00a0\u00a0\u00a0\u00a0\u00a0\u00a0 Los Lotes <\/p>\n<p>&bull;\u00a0\u00a0\u00a0\u00a0\u00a0\u00a0\u00a0 Pacora Centro <\/p>\n<p>\u00a0 <\/p>\n<p> Las Garzas  <\/p>\n<p>&bull;\u00a0\u00a0\u00a0\u00a0\u00a0\u00a0\u00a0 Las Mireyas <\/p>\n<p>\u00a0 <\/p>\n<p> 24 de Diciembre  <\/p>\n<p>&bull;\u00a0\u00a0\u00a0\u00a0\u00a0\u00a0\u00a0 Monterrico # 1 <\/p>\n<p>&bull;\u00a0\u00a0\u00a0\u00a0\u00a0\u00a0\u00a0 24 de Diciembre <\/p>\n<p>&bull;\u00a0\u00a0\u00a0\u00a0\u00a0\u00a0\u00a0 Ruben Dar\u00edo Paredes <\/p>\n<p>&bull;\u00a0\u00a0\u00a0\u00a0\u00a0\u00a0\u00a0 Nuevo Tocumen 1 <\/p>\n<p>&bull;\u00a0\u00a0\u00a0\u00a0\u00a0\u00a0\u00a0 Nuevo Tocumen 2 <\/p>\n<p>&bull;\u00a0\u00a0\u00a0\u00a0\u00a0\u00a0\u00a0 Cantaros 1 <\/p>\n<p>&bull;\u00a0\u00a0\u00a0\u00a0\u00a0\u00a0\u00a0 Cantaros 2 <\/p>\n<p>&bull;\u00a0\u00a0\u00a0\u00a0\u00a0\u00a0\u00a0 Cantaros 3 <\/p>\n<p>&bull;\u00a0\u00a0\u00a0\u00a0\u00a0\u00a0\u00a0 Altos del \u00c1ngel 1 <\/p>\n<p>&bull;\u00a0\u00a0\u00a0\u00a0\u00a0\u00a0\u00a0 Altos del \u00c1ngel 2 <\/p>\n<p> Alcalde D\u00edaz  <\/p>\n<p>&bull;\u00a0\u00a0\u00a0\u00a0\u00a0\u00a0\u00a0 Nuevo Amanecer <\/p>\n<p> Ernesto Cordoba  <\/p>\n<p>&bull;\u00a0\u00a0\u00a0\u00a0\u00a0\u00a0\u00a0 Casa Real <\/p>\n<p>&bull;\u00a0\u00a0\u00a0\u00a0\u00a0\u00a0\u00a0 Villa Campestre <\/p>\n<p>&bull;\u00a0\u00a0\u00a0\u00a0\u00a0\u00a0\u00a0 Alambra <\/p>\n<p>&bull;\u00a0\u00a0\u00a0\u00a0\u00a0\u00a0\u00a0 Villa Grecia (Sector 3) <\/p>\n<p>&bull;\u00a0\u00a0\u00a0\u00a0\u00a0\u00a0\u00a0 Villa Grecia (Sector 4) <\/p>\n<p>&bull;\u00a0\u00a0\u00a0\u00a0\u00a0\u00a0\u00a0 Las Cumbrecitas <\/p>\n<p>&bull;\u00a0\u00a0\u00a0\u00a0\u00a0\u00a0\u00a0 Barriada Santa B\u00e1rbara <\/p>\n<p>\u00a0 <\/p>\n","protected":false},"excerpt":{"rendered":"<p>Los trabajos que se ejecutan desde el 2017, a fin <a href=\"https:\/\/sertv.gob.pa\/nacionalfm\/autoridades-de-la-alcaldia-de-panama-restauran-parques-vecinales\/\"> [&#8230;]<\/a><\/p>\n","protected":false},"author":1,"featured_media":27084,"comment_status":"closed","ping_status":"closed","sticky":false,"template":"","format":"standard","meta":{"footnotes":""},"categories":[2],"tags":[],"class_list":["post-27083","post","type-post","status-publish","format-standard","has-post-thumbnail","hentry","category-nacionales"],"_links":{"self":[{"href":"https:\/\/sertv.gob.pa\/nacionalfm\/wp-json\/wp\/v2\/posts\/27083","targetHints":{"allow":["GET"]}}],"collection":[{"href":"https:\/\/sertv.gob.pa\/nacionalfm\/wp-json\/wp\/v2\/posts"}],"about":[{"href":"https:\/\/sertv.gob.pa\/nacionalfm\/wp-json\/wp\/v2\/types\/post"}],"author":[{"embeddable":true,"href":"https:\/\/sertv.gob.pa\/nacionalfm\/wp-json\/wp\/v2\/users\/1"}],"replies":[{"embeddable":true,"href":"https:\/\/sertv.gob.pa\/nacionalfm\/wp-json\/wp\/v2\/comments?post=27083"}],"version-history":[{"count":0,"href":"https:\/\/sertv.gob.pa\/nacionalfm\/wp-json\/wp\/v2\/posts\/27083\/revisions"}],"wp:featuredmedia":[{"embeddable":true,"href":"https:\/\/sertv.gob.pa\/nacionalfm\/wp-json\/wp\/v2\/media\/27084"}],"wp:attachment":[{"href":"https:\/\/sertv.gob.pa\/nacionalfm\/wp-json\/wp\/v2\/media?parent=27083"}],"wp:term":[{"taxonomy":"category","embeddable":true,"href":"https:\/\/sertv.gob.pa\/nacionalfm\/wp-json\/wp\/v2\/categories?post=27083"},{"taxonomy":"post_tag","embeddable":true,"href":"https:\/\/sertv.gob.pa\/nacionalfm\/wp-json\/wp\/v2\/tags?post=27083"}],"curies":[{"name":"wp","href":"https:\/\/api.w.org\/{rel}","templated":true}]}}