{"id":2710,"date":"2014-11-21T05:00:00","date_gmt":"2014-11-21T05:00:00","guid":{"rendered":""},"modified":"2014-11-21T05:00:00","modified_gmt":"2014-11-21T05:00:00","slug":"retiraran-el-100-natural-en-las-granolas","status":"publish","type":"post","link":"https:\/\/sertv.gob.pa\/nacionalfm\/retiraran-el-100-natural-en-las-granolas\/","title":{"rendered":"Retirar\u00e1n el \u201c100% natural\u201d en las granolas"},"content":{"rendered":"<p>\nEl grupo alimentario estadounidense General Mills retirar\u00e1 la menci\u00f3n &ldquo;100% natural&rdquo; de una marca de barras de granola que comercializa para poner fin a demandas que lo acusan de enga\u00f1ar a los consumidores. <\/p>\n<p>Estas demandas, iniciadas en 2012, se\u00f1alaban a varios productos con la marca &ldquo;Nature Valley&rdquo; que contienen ingredientes gen\u00e9ticamente modificados (OGM ), pero que se publicita como totalmente &ldquo;natural&rdquo;. <\/p>\n<p>Seg\u00fan una copia del acuerdo al que lleg\u00f3 la compa\u00f1\u00eda, la menci\u00f3n 100% natural se reservar\u00e1 para productos &ldquo;que contengan menos de 0.9%&rdquo; de productos con OGM y en los que no se use jarabe de ma\u00edz de alta fructosa o aditivos alimenticios. <\/p>\n<p>El acuerdo fue publicado en internet por el grupo de defensa de los consumidores Centro para la Ciencia en el Inter\u00e9s P\u00fablico. <\/p>\n<p>\u00a0 <\/p>\n","protected":false},"excerpt":{"rendered":"<p>El grupo alimentario estadounidense General Mills retirar\u00e1 la menci\u00f3n &ldquo;100% <a href=\"https:\/\/sertv.gob.pa\/nacionalfm\/retiraran-el-100-natural-en-las-granolas\/\"> [&#8230;]<\/a><\/p>\n","protected":false},"author":1,"featured_media":2711,"comment_status":"closed","ping_status":"closed","sticky":false,"template":"","format":"standard","meta":{"footnotes":""},"categories":[5],"tags":[],"class_list":["post-2710","post","type-post","status-publish","format-standard","has-post-thumbnail","hentry","category-salud"],"_links":{"self":[{"href":"https:\/\/sertv.gob.pa\/nacionalfm\/wp-json\/wp\/v2\/posts\/2710","targetHints":{"allow":["GET"]}}],"collection":[{"href":"https:\/\/sertv.gob.pa\/nacionalfm\/wp-json\/wp\/v2\/posts"}],"about":[{"href":"https:\/\/sertv.gob.pa\/nacionalfm\/wp-json\/wp\/v2\/types\/post"}],"author":[{"embeddable":true,"href":"https:\/\/sertv.gob.pa\/nacionalfm\/wp-json\/wp\/v2\/users\/1"}],"replies":[{"embeddable":true,"href":"https:\/\/sertv.gob.pa\/nacionalfm\/wp-json\/wp\/v2\/comments?post=2710"}],"version-history":[{"count":0,"href":"https:\/\/sertv.gob.pa\/nacionalfm\/wp-json\/wp\/v2\/posts\/2710\/revisions"}],"wp:featuredmedia":[{"embeddable":true,"href":"https:\/\/sertv.gob.pa\/nacionalfm\/wp-json\/wp\/v2\/media\/2711"}],"wp:attachment":[{"href":"https:\/\/sertv.gob.pa\/nacionalfm\/wp-json\/wp\/v2\/media?parent=2710"}],"wp:term":[{"taxonomy":"category","embeddable":true,"href":"https:\/\/sertv.gob.pa\/nacionalfm\/wp-json\/wp\/v2\/categories?post=2710"},{"taxonomy":"post_tag","embeddable":true,"href":"https:\/\/sertv.gob.pa\/nacionalfm\/wp-json\/wp\/v2\/tags?post=2710"}],"curies":[{"name":"wp","href":"https:\/\/api.w.org\/{rel}","templated":true}]}}