{"id":2730,"date":"2014-11-22T05:00:00","date_gmt":"2014-11-22T05:00:00","guid":{"rendered":""},"modified":"2014-11-22T05:00:00","modified_gmt":"2014-11-22T05:00:00","slug":"video-mudo-es-lanzado-para-luchar-contra-el-ebola","status":"publish","type":"post","link":"https:\/\/sertv.gob.pa\/nacionalfm\/video-mudo-es-lanzado-para-luchar-contra-el-ebola\/","title":{"rendered":"Video mudo es lanzado para luchar contra el \u00e9bola"},"content":{"rendered":"<p>\nUna pl\u00e9yade de estrellas de la m\u00fasica y del cine, como Bono y Ben Affleck, lanzaron en el sitio  www.one.org\/ebola  un llamado para una lucha m\u00e1s en\u00e9rgica contra la epidemia de \u00e9bola, que lleva m\u00e1s de 5 mil muertos. <\/p>\n<p>En el video no se pronuncia ni una palabra y las estrellas miran fijamente a la c\u00e1mara. Entre las im\u00e1genes se lee el mensaje: &ldquo;Hemos esperado demasiado tiempo antes de reaccionar. Hablar no cuesta nada. Es tiempo para la acci\u00f3n&rdquo;. <\/p>\n<p>\u00a0 <\/p>\n","protected":false},"excerpt":{"rendered":"<p>Una pl\u00e9yade de estrellas de la m\u00fasica y del cine, <a href=\"https:\/\/sertv.gob.pa\/nacionalfm\/video-mudo-es-lanzado-para-luchar-contra-el-ebola\/\"> [&#8230;]<\/a><\/p>\n","protected":false},"author":1,"featured_media":2731,"comment_status":"closed","ping_status":"closed","sticky":false,"template":"","format":"standard","meta":{"footnotes":""},"categories":[5],"tags":[],"class_list":["post-2730","post","type-post","status-publish","format-standard","has-post-thumbnail","hentry","category-salud"],"_links":{"self":[{"href":"https:\/\/sertv.gob.pa\/nacionalfm\/wp-json\/wp\/v2\/posts\/2730","targetHints":{"allow":["GET"]}}],"collection":[{"href":"https:\/\/sertv.gob.pa\/nacionalfm\/wp-json\/wp\/v2\/posts"}],"about":[{"href":"https:\/\/sertv.gob.pa\/nacionalfm\/wp-json\/wp\/v2\/types\/post"}],"author":[{"embeddable":true,"href":"https:\/\/sertv.gob.pa\/nacionalfm\/wp-json\/wp\/v2\/users\/1"}],"replies":[{"embeddable":true,"href":"https:\/\/sertv.gob.pa\/nacionalfm\/wp-json\/wp\/v2\/comments?post=2730"}],"version-history":[{"count":0,"href":"https:\/\/sertv.gob.pa\/nacionalfm\/wp-json\/wp\/v2\/posts\/2730\/revisions"}],"wp:featuredmedia":[{"embeddable":true,"href":"https:\/\/sertv.gob.pa\/nacionalfm\/wp-json\/wp\/v2\/media\/2731"}],"wp:attachment":[{"href":"https:\/\/sertv.gob.pa\/nacionalfm\/wp-json\/wp\/v2\/media?parent=2730"}],"wp:term":[{"taxonomy":"category","embeddable":true,"href":"https:\/\/sertv.gob.pa\/nacionalfm\/wp-json\/wp\/v2\/categories?post=2730"},{"taxonomy":"post_tag","embeddable":true,"href":"https:\/\/sertv.gob.pa\/nacionalfm\/wp-json\/wp\/v2\/tags?post=2730"}],"curies":[{"name":"wp","href":"https:\/\/api.w.org\/{rel}","templated":true}]}}