{"id":27483,"date":"2018-03-26T19:49:55","date_gmt":"2018-03-26T19:49:55","guid":{"rendered":""},"modified":"2018-03-26T19:49:55","modified_gmt":"2018-03-26T19:49:55","slug":"buscan-lideres-para-acabar-con-la-tuberculosis-en-america","status":"publish","type":"post","link":"https:\/\/sertv.gob.pa\/nacionalfm\/buscan-lideres-para-acabar-con-la-tuberculosis-en-america\/","title":{"rendered":"Buscan l\u00edderes para acabar con la tuberculosis en Am\u00e9rica"},"content":{"rendered":"<p>\nLa Organizaci\u00f3n Panamericana de la Salud (OPS) y la Organizaci\u00f3n Mundial de la Salud (OMS) hicieron hoy un llamamiento a pol\u00edticos, trabajadores sanitarios y miembros de la sociedad civil para que asuman el liderazgo en la lucha contra la\u00a0tuberculosis\u00a0con el fin de erradicar esta enfermedad de Am\u00e9rica. <\/p>\n<p>\u00abLos avances en reducir los casos de\u00a0tuberculosis\u00a0en la regi\u00f3n de las Am\u00e9ricas han sido significativos, pero se requieren l\u00edderes en todos los sectores para poner fin a esta enfermedad en 2030\u00bb, se\u00f1alaron ambas instituciones de las Naciones Unidas en un comunicado conjunto divulgado. <\/p>\n<p>Este llamamiento precede a la celebraci\u00f3n del D\u00eda Mundial contra la\u00a0Tuberculosis, que se conmemora anualmente cada 24 de marzo, y que tiene como objetivo concienciar a la poblaci\u00f3n mundial de la necesidad de acabar con esta enfermedad que cada a\u00f1o se cobra miles de vidas. <\/p>\n<p>\u00abSe puede terminar con la\u00a0tuberculosis\u00a0en la regi\u00f3n de las Am\u00e9ricas. Debemos abordar los factores que llevan a esta enfermedad: desde las condiciones de vida a las dificultades de acceso a los servicios de salud\u00bb, afirm\u00f3 el director del Departamento de Enfermedades Transmisibles y Determinantes Ambientales de la Salud de la OPS\/OMS, Marcos Espinal, citado en el comunicado. <\/p>\n<p>La OPS\/OMS advierte que son las personas menos favorecidas -aquellas que viven en zonas marginales, privadas de libertad o que son portadoras del virus VIH- las m\u00e1s expuestas a esta grave enfermedad, que sin embargo puede ser prevenida y hasta tratada. <\/p>\n<p>Ambos organismos alertan, adem\u00e1s, de la resistencia que ha acabado desarrollando la poblaci\u00f3n a algunos de los medicamentos que son empleados para tratar la\u00a0tuberculosis, algunos de los cuales fueron desarrollados hace d\u00e9cadas. <\/p>\n<p>Para hacer frente a estos desaf\u00edos, la OPS\/OMS ha decidido lanzar este a\u00f1o la campa\u00f1a \u00abL\u00edderes para un mundo libre de\u00a0tuberculosis\u00bb en la que se hace un llamamiento a pol\u00edticos, miembros de la sociedad civil y trabajadores sanitarios a reafirmar su compromiso de cara a acabar con la\u00a0tuberculosis. <\/p>\n<p>S\u00f3lo en el continente americano se registraron, en 2016, 222.750 nuevos casos de\u00a0tuberculosis\u00a0que, seg\u00fan estimaciones oficiales, acabaron con la vida de 23.226 personas. <\/p>\n<p>\u00a0 <\/p>\n","protected":false},"excerpt":{"rendered":"<p>La Organizaci\u00f3n Panamericana de la Salud (OPS) y la Organizaci\u00f3n <a href=\"https:\/\/sertv.gob.pa\/nacionalfm\/buscan-lideres-para-acabar-con-la-tuberculosis-en-america\/\"> [&#8230;]<\/a><\/p>\n","protected":false},"author":1,"featured_media":27484,"comment_status":"closed","ping_status":"closed","sticky":false,"template":"","format":"standard","meta":{"footnotes":""},"categories":[5],"tags":[],"class_list":["post-27483","post","type-post","status-publish","format-standard","has-post-thumbnail","hentry","category-salud"],"_links":{"self":[{"href":"https:\/\/sertv.gob.pa\/nacionalfm\/wp-json\/wp\/v2\/posts\/27483","targetHints":{"allow":["GET"]}}],"collection":[{"href":"https:\/\/sertv.gob.pa\/nacionalfm\/wp-json\/wp\/v2\/posts"}],"about":[{"href":"https:\/\/sertv.gob.pa\/nacionalfm\/wp-json\/wp\/v2\/types\/post"}],"author":[{"embeddable":true,"href":"https:\/\/sertv.gob.pa\/nacionalfm\/wp-json\/wp\/v2\/users\/1"}],"replies":[{"embeddable":true,"href":"https:\/\/sertv.gob.pa\/nacionalfm\/wp-json\/wp\/v2\/comments?post=27483"}],"version-history":[{"count":0,"href":"https:\/\/sertv.gob.pa\/nacionalfm\/wp-json\/wp\/v2\/posts\/27483\/revisions"}],"wp:featuredmedia":[{"embeddable":true,"href":"https:\/\/sertv.gob.pa\/nacionalfm\/wp-json\/wp\/v2\/media\/27484"}],"wp:attachment":[{"href":"https:\/\/sertv.gob.pa\/nacionalfm\/wp-json\/wp\/v2\/media?parent=27483"}],"wp:term":[{"taxonomy":"category","embeddable":true,"href":"https:\/\/sertv.gob.pa\/nacionalfm\/wp-json\/wp\/v2\/categories?post=27483"},{"taxonomy":"post_tag","embeddable":true,"href":"https:\/\/sertv.gob.pa\/nacionalfm\/wp-json\/wp\/v2\/tags?post=27483"}],"curies":[{"name":"wp","href":"https:\/\/api.w.org\/{rel}","templated":true}]}}