{"id":275,"date":"2014-07-14T05:00:00","date_gmt":"2014-07-14T05:00:00","guid":{"rendered":""},"modified":"2014-07-14T05:00:00","modified_gmt":"2014-07-14T05:00:00","slug":"no-es-necesario-hacer-un-muestreo-a-azuerenses-expresa-terrientes","status":"publish","type":"post","link":"https:\/\/sertv.gob.pa\/nacionalfm\/no-es-necesario-hacer-un-muestreo-a-azuerenses-expresa-terrientes\/","title":{"rendered":"\u201cNo es necesario hacer un muestreo a azuerenses\u201d, expresa Terrientes"},"content":{"rendered":"<p>\nEl ministro de Salud, Javier Terrientes, descart\u00f3 que se efect\u00fae un muestreo a los residentes de Azuero para determinar los niveles de atrazina en sus organismos. <\/p>\n<p>Esto luego de la contaminaci\u00f3n que provoc\u00f3 ese qu\u00edmico en el r\u00edo La Villa. <\/p>\n<p>Terrientes explic\u00f3 que la aplicaci\u00f3n de ex\u00e1menes m\u00e9dicos a las personas no es necesaria ya que la atrazina es un qu\u00edmico de baja toxicidad que se elimina en menos de 24 horas de los ri\u00f1ones. Esto impide que se registre alg\u00fan proceso t\u00f3xico en el cuerpo humano, apunt\u00f3. <\/p>\n<p>No obstante, el funcionario manifest\u00f3 que se contin\u00faa con el monitoreo de los niveles de atrazina donde nacen los principales afluentes del r\u00edo La Villa. <\/p>\n<p>Tambi\u00e9n dio a conocer \u00a0que no se ha suspendido la medida de emergencia por este hecho, a pesar que la semana pasada se levantara la prohibici\u00f3n del consumo de agua proveniente del afluente. <\/p>\n<p>La semana pasada el Minsa inform\u00f3 que los niveles de atrazina en el r\u00edo La Villa est\u00e1n por debajo de una parte por bill\u00f3n por lo que el agua puede ser consumida. @nacionalFm <\/p>\n<p>\u00a0 <\/p>\n","protected":false},"excerpt":{"rendered":"<p>El ministro de Salud, Javier Terrientes, descart\u00f3 que se efect\u00fae <a href=\"https:\/\/sertv.gob.pa\/nacionalfm\/no-es-necesario-hacer-un-muestreo-a-azuerenses-expresa-terrientes\/\"> [&#8230;]<\/a><\/p>\n","protected":false},"author":1,"featured_media":276,"comment_status":"closed","ping_status":"closed","sticky":false,"template":"","format":"standard","meta":{"footnotes":""},"categories":[5],"tags":[],"class_list":["post-275","post","type-post","status-publish","format-standard","has-post-thumbnail","hentry","category-salud"],"_links":{"self":[{"href":"https:\/\/sertv.gob.pa\/nacionalfm\/wp-json\/wp\/v2\/posts\/275","targetHints":{"allow":["GET"]}}],"collection":[{"href":"https:\/\/sertv.gob.pa\/nacionalfm\/wp-json\/wp\/v2\/posts"}],"about":[{"href":"https:\/\/sertv.gob.pa\/nacionalfm\/wp-json\/wp\/v2\/types\/post"}],"author":[{"embeddable":true,"href":"https:\/\/sertv.gob.pa\/nacionalfm\/wp-json\/wp\/v2\/users\/1"}],"replies":[{"embeddable":true,"href":"https:\/\/sertv.gob.pa\/nacionalfm\/wp-json\/wp\/v2\/comments?post=275"}],"version-history":[{"count":0,"href":"https:\/\/sertv.gob.pa\/nacionalfm\/wp-json\/wp\/v2\/posts\/275\/revisions"}],"wp:featuredmedia":[{"embeddable":true,"href":"https:\/\/sertv.gob.pa\/nacionalfm\/wp-json\/wp\/v2\/media\/276"}],"wp:attachment":[{"href":"https:\/\/sertv.gob.pa\/nacionalfm\/wp-json\/wp\/v2\/media?parent=275"}],"wp:term":[{"taxonomy":"category","embeddable":true,"href":"https:\/\/sertv.gob.pa\/nacionalfm\/wp-json\/wp\/v2\/categories?post=275"},{"taxonomy":"post_tag","embeddable":true,"href":"https:\/\/sertv.gob.pa\/nacionalfm\/wp-json\/wp\/v2\/tags?post=275"}],"curies":[{"name":"wp","href":"https:\/\/api.w.org\/{rel}","templated":true}]}}