{"id":27543,"date":"2018-03-29T13:12:12","date_gmt":"2018-03-29T13:12:12","guid":{"rendered":""},"modified":"2018-03-29T13:12:12","modified_gmt":"2018-03-29T13:12:12","slug":"arrancan-trabajos-de-restauracion-del-centro-turistico-mi-pueblito","status":"publish","type":"post","link":"https:\/\/sertv.gob.pa\/nacionalfm\/arrancan-trabajos-de-restauracion-del-centro-turistico-mi-pueblito\/","title":{"rendered":"Arrancan trabajos de restauraci\u00f3n del \u201cCentro Tur\u00edstico Mi Pueblito\u201d"},"content":{"rendered":"<p>\nLa Alcald\u00eda de Panam\u00e1, hizo entrega el\u00a0mi\u00e9rcoles, 28 de marzo, de la orden de proceder para el desarrollo del proyecto  &ldquo;Estudio, dise\u00f1o,   desarrollo de planos, demolici\u00f3n y construcci\u00f3n de Mi Pueblito Afroantillano&rdquo;.  <\/p>\n<p>La obra, con un inversi\u00f3n de unos \u00a0$2.3 millones, ser\u00e1 financiada con fondos de la descentralizaci\u00f3n, y contempla la renovaci\u00f3n de las r\u00e9plicas de la Casa Muller, la iglesia, el restaurante La Bocatore\u00f1a, la logia, la casa de artesan\u00edas y la piscina que recrea el Mar Caribe, todas ellas, estructuras que componen  Mi Pueblito Afroantillano . <\/p>\n<p>Acorde a lo estipulado, la renovaci\u00f3n completa, habr\u00e1 de ser entregada en un plazo de 540 d\u00edas, a partir de la fecha establecida en la orden\u00a0 proceder y la construye la\u00a0 empresa Constructora Raly, S.A. <\/p>\n<p>Para el Alcalde de la ciudad de Panam\u00e1, Jos\u00e9 Bland\u00f3n Figueroa, el reciente refrendo del contrato de este proyecto representa un importante logro dentro del plan de trabajo del equipo de la Alcald\u00eda de Panam\u00e1, debido a que el  Centro Tur\u00edstico\u00a0Mi Pueblito , es una de las propiedades municipales con mayor potencial para el aprovechamiento tur\u00edstico en el distrito, a la vez que representa un punto de encuentro para la poblaci\u00f3n local, en donde pueden conocer m\u00e1s a fondo de tres culturas que son pilares de nuestra nacionalidad, as\u00ed como sus principales manifestaciones folkl\u00f3ricas y arquitect\u00f3nicas. <\/p>\n<p>Agregado a esto,  &ldquo;Mi Pueblito&rdquo;,  tambi\u00e9n es la puerta de entrada al Cerro Anc\u00f3n, otro ic\u00f3nico punto de nuestra ciudad. El Centro Tur\u00edstico Municipal Mi Pueblito tiene casi 25 a\u00f1os de haber inaugurado bajo la administraci\u00f3n de la ex Alcaldesa May\u00edn Correa, en junio de 1993. <\/p>\n<p>Durante m\u00e1s de 10 a\u00f1os, el Centro Tur\u00edstico, no recibi\u00f3 mantenimiento, motivo por el cual las estructuras originales se han deteriorado totalmente. Este proyecto, vislumbra construir nuevamente los edificios, preservando los dise\u00f1os originales de las fachadas y utilizando materiales m\u00e1s resistentes y de vanguardia. <\/p>\n<p>Igualmente, se han replanteado los usos internos de los edificios, con la finalidad de darle al Centro Tur\u00edstico, un car\u00e1cter m\u00e1s comercial y autosostenible, en donde existan restaurantes tem\u00e1ticos, salones de conferencias y de eventos, tiendas de artesan\u00edas, entre otros, que se sumar\u00edan a una programaci\u00f3n permanente de eventos, presentaciones folkl\u00f3ricas y shows tem\u00e1ticos. <\/p>\n<p>Cabe se\u00f1alar, que al momento que se hicieron los estudios preliminares para definir c\u00f3mo se priorizar\u00edan los trabajos en el Centro Tur\u00edstico, se evidenci\u00f3 que  Mi Pueblito Afroantillano , era el \u00e1rea m\u00e1s afectada por el deterioro estructural.\u00a0\u00a0Es por esto, que esta primera fase de la intervenci\u00f3n se ejecuta en esta \u00e1rea, para no cerrar por completo el centro. A futuro, se tendr\u00e1n que hacer las evaluaciones correspondientes, a fin de poder darle continuidad a este proyecto, y completar las intervenciones en las otras dos secciones (Ind\u00edgena e Interiorano), para que el Complejo sea integral y totalmente funcional. <\/p>\n<p>Es importante, resaltar que la Alcald\u00eda de Panam\u00e1, espera con esto, llevar a  &ldquo;Mi Pueblito&rdquo;,  al sitial que se merece, y devolverle el esplendor que tuvo en sus inicios, para el disfrute de nacionales y turistas. <\/p>\n<p>\u00a0 <\/p>\n","protected":false},"excerpt":{"rendered":"<p>La Alcald\u00eda de Panam\u00e1, hizo entrega el\u00a0mi\u00e9rcoles, 28 de marzo, <a href=\"https:\/\/sertv.gob.pa\/nacionalfm\/arrancan-trabajos-de-restauracion-del-centro-turistico-mi-pueblito\/\"> [&#8230;]<\/a><\/p>\n","protected":false},"author":1,"featured_media":27544,"comment_status":"closed","ping_status":"closed","sticky":false,"template":"","format":"standard","meta":{"footnotes":""},"categories":[2],"tags":[],"class_list":["post-27543","post","type-post","status-publish","format-standard","has-post-thumbnail","hentry","category-nacionales"],"_links":{"self":[{"href":"https:\/\/sertv.gob.pa\/nacionalfm\/wp-json\/wp\/v2\/posts\/27543","targetHints":{"allow":["GET"]}}],"collection":[{"href":"https:\/\/sertv.gob.pa\/nacionalfm\/wp-json\/wp\/v2\/posts"}],"about":[{"href":"https:\/\/sertv.gob.pa\/nacionalfm\/wp-json\/wp\/v2\/types\/post"}],"author":[{"embeddable":true,"href":"https:\/\/sertv.gob.pa\/nacionalfm\/wp-json\/wp\/v2\/users\/1"}],"replies":[{"embeddable":true,"href":"https:\/\/sertv.gob.pa\/nacionalfm\/wp-json\/wp\/v2\/comments?post=27543"}],"version-history":[{"count":0,"href":"https:\/\/sertv.gob.pa\/nacionalfm\/wp-json\/wp\/v2\/posts\/27543\/revisions"}],"wp:featuredmedia":[{"embeddable":true,"href":"https:\/\/sertv.gob.pa\/nacionalfm\/wp-json\/wp\/v2\/media\/27544"}],"wp:attachment":[{"href":"https:\/\/sertv.gob.pa\/nacionalfm\/wp-json\/wp\/v2\/media?parent=27543"}],"wp:term":[{"taxonomy":"category","embeddable":true,"href":"https:\/\/sertv.gob.pa\/nacionalfm\/wp-json\/wp\/v2\/categories?post=27543"},{"taxonomy":"post_tag","embeddable":true,"href":"https:\/\/sertv.gob.pa\/nacionalfm\/wp-json\/wp\/v2\/tags?post=27543"}],"curies":[{"name":"wp","href":"https:\/\/api.w.org\/{rel}","templated":true}]}}