{"id":2758,"date":"2014-11-23T05:00:00","date_gmt":"2014-11-23T05:00:00","guid":{"rendered":""},"modified":"2014-11-23T05:00:00","modified_gmt":"2014-11-23T05:00:00","slug":"supuesto-matadero-de-perros-en-tocumen-es-investigado","status":"publish","type":"post","link":"https:\/\/sertv.gob.pa\/nacionalfm\/supuesto-matadero-de-perros-en-tocumen-es-investigado\/","title":{"rendered":"Supuesto matadero de perros en Tocumen es investigado"},"content":{"rendered":"<p>\nUn matadero clandestino fue denunciado por moradores de Tocumen y se presume que sea de perros, lo que es investigado por las autoridades de salud. <\/p>\n<p>El director de la regi\u00f3n metropolitana de salud, Aurelio Rangel destac\u00f3 que se ha levantado un expediente tras las denuncias presentadas por los moradores. <\/p>\n<p>Rangel, dijo que est\u00e1 investigando para determinar si de verdad se trata de un matadero de perros, pero que por el momento se sancionar\u00e1 al due\u00f1o del local con multas de 501 a 5,000 d\u00f3lares porque no contaba con los permisos. <\/p>\n<p>Por su parte, el grupo Coraz\u00f3n con huellas que rescata animales informa que su mayor preocupaci\u00f3n es que la gente se vuelva insensible con este tema. <\/p>\n<p>\u00a0 <\/p>\n","protected":false},"excerpt":{"rendered":"<p>Un matadero clandestino fue denunciado por moradores de Tocumen y <a href=\"https:\/\/sertv.gob.pa\/nacionalfm\/supuesto-matadero-de-perros-en-tocumen-es-investigado\/\"> [&#8230;]<\/a><\/p>\n","protected":false},"author":1,"featured_media":2759,"comment_status":"closed","ping_status":"closed","sticky":false,"template":"","format":"standard","meta":{"footnotes":""},"categories":[5],"tags":[],"class_list":["post-2758","post","type-post","status-publish","format-standard","has-post-thumbnail","hentry","category-salud"],"_links":{"self":[{"href":"https:\/\/sertv.gob.pa\/nacionalfm\/wp-json\/wp\/v2\/posts\/2758","targetHints":{"allow":["GET"]}}],"collection":[{"href":"https:\/\/sertv.gob.pa\/nacionalfm\/wp-json\/wp\/v2\/posts"}],"about":[{"href":"https:\/\/sertv.gob.pa\/nacionalfm\/wp-json\/wp\/v2\/types\/post"}],"author":[{"embeddable":true,"href":"https:\/\/sertv.gob.pa\/nacionalfm\/wp-json\/wp\/v2\/users\/1"}],"replies":[{"embeddable":true,"href":"https:\/\/sertv.gob.pa\/nacionalfm\/wp-json\/wp\/v2\/comments?post=2758"}],"version-history":[{"count":0,"href":"https:\/\/sertv.gob.pa\/nacionalfm\/wp-json\/wp\/v2\/posts\/2758\/revisions"}],"wp:featuredmedia":[{"embeddable":true,"href":"https:\/\/sertv.gob.pa\/nacionalfm\/wp-json\/wp\/v2\/media\/2759"}],"wp:attachment":[{"href":"https:\/\/sertv.gob.pa\/nacionalfm\/wp-json\/wp\/v2\/media?parent=2758"}],"wp:term":[{"taxonomy":"category","embeddable":true,"href":"https:\/\/sertv.gob.pa\/nacionalfm\/wp-json\/wp\/v2\/categories?post=2758"},{"taxonomy":"post_tag","embeddable":true,"href":"https:\/\/sertv.gob.pa\/nacionalfm\/wp-json\/wp\/v2\/tags?post=2758"}],"curies":[{"name":"wp","href":"https:\/\/api.w.org\/{rel}","templated":true}]}}