{"id":277,"date":"2014-07-14T05:00:00","date_gmt":"2014-07-14T05:00:00","guid":{"rendered":""},"modified":"2014-07-14T05:00:00","modified_gmt":"2014-07-14T05:00:00","slug":"dos-nuevos-casos-del-virus-chikungunya-son-confirmados","status":"publish","type":"post","link":"https:\/\/sertv.gob.pa\/nacionalfm\/dos-nuevos-casos-del-virus-chikungunya-son-confirmados\/","title":{"rendered":"Dos nuevos casos del virus &#8216;chikungunya&#8217; son confirmados"},"content":{"rendered":"<p>\nLa directora nacional de Salud, Itza Barahona de Mosca, inform\u00f3 que los casos confirmados del virus chikungunya se incrementaron a cuatro en la \u00faltima semana. <\/p>\n<p>Barahona de Mosca inform\u00f3 que durante la semana se confirm\u00f3 la presencia del virus en dos personas que llegaron al pa\u00eds procedentes de Rep\u00fablica Dominicana, donde la enfermedad est\u00e1 diseminada. <\/p>\n<p>A\u00f1adi\u00f3 que al igual que los detectados el pasado mes de mayo, se trata de casos importados, es decir, personas que lo adquirieron en otros pa\u00edses.\u00a0 @nacionalFm <\/p>\n<p>\u00a0 <\/p>\n","protected":false},"excerpt":{"rendered":"<p>La directora nacional de Salud, Itza Barahona de Mosca, inform\u00f3 <a href=\"https:\/\/sertv.gob.pa\/nacionalfm\/dos-nuevos-casos-del-virus-chikungunya-son-confirmados\/\"> [&#8230;]<\/a><\/p>\n","protected":false},"author":1,"featured_media":278,"comment_status":"closed","ping_status":"closed","sticky":false,"template":"","format":"standard","meta":{"footnotes":""},"categories":[5],"tags":[],"class_list":["post-277","post","type-post","status-publish","format-standard","has-post-thumbnail","hentry","category-salud"],"_links":{"self":[{"href":"https:\/\/sertv.gob.pa\/nacionalfm\/wp-json\/wp\/v2\/posts\/277","targetHints":{"allow":["GET"]}}],"collection":[{"href":"https:\/\/sertv.gob.pa\/nacionalfm\/wp-json\/wp\/v2\/posts"}],"about":[{"href":"https:\/\/sertv.gob.pa\/nacionalfm\/wp-json\/wp\/v2\/types\/post"}],"author":[{"embeddable":true,"href":"https:\/\/sertv.gob.pa\/nacionalfm\/wp-json\/wp\/v2\/users\/1"}],"replies":[{"embeddable":true,"href":"https:\/\/sertv.gob.pa\/nacionalfm\/wp-json\/wp\/v2\/comments?post=277"}],"version-history":[{"count":0,"href":"https:\/\/sertv.gob.pa\/nacionalfm\/wp-json\/wp\/v2\/posts\/277\/revisions"}],"wp:featuredmedia":[{"embeddable":true,"href":"https:\/\/sertv.gob.pa\/nacionalfm\/wp-json\/wp\/v2\/media\/278"}],"wp:attachment":[{"href":"https:\/\/sertv.gob.pa\/nacionalfm\/wp-json\/wp\/v2\/media?parent=277"}],"wp:term":[{"taxonomy":"category","embeddable":true,"href":"https:\/\/sertv.gob.pa\/nacionalfm\/wp-json\/wp\/v2\/categories?post=277"},{"taxonomy":"post_tag","embeddable":true,"href":"https:\/\/sertv.gob.pa\/nacionalfm\/wp-json\/wp\/v2\/tags?post=277"}],"curies":[{"name":"wp","href":"https:\/\/api.w.org\/{rel}","templated":true}]}}