{"id":279,"date":"2014-07-14T05:00:00","date_gmt":"2014-07-14T05:00:00","guid":{"rendered":""},"modified":"2014-07-14T05:00:00","modified_gmt":"2014-07-14T05:00:00","slug":"multas-por-mas-de-40-000-por-focos-de-aedes-aegipty","status":"publish","type":"post","link":"https:\/\/sertv.gob.pa\/nacionalfm\/multas-por-mas-de-40-000-por-focos-de-aedes-aegipty\/","title":{"rendered":"Multas por m\u00e1s de $40,000 por focos de Aedes aegipty"},"content":{"rendered":"<p>\nUnos 40,000 d\u00f3lares en concepto de multas ha impuesto el Ministerio de Salud (Minsa) a personas que son reincidentes en conservar criaderos del mosquito Aedes aegipty en sus propiedades, en la provincia de Chiriqu\u00ed. <\/p>\n<p>Patricio Camarena, jefe de Control de Vectores del Ministerio de Salud, confirm\u00f3 que las sanciones fueron aplicadas en el distrito de David y Bugaba. <\/p>\n<p>Agreg\u00f3 el funcionario que se mantiene la alerta por dengue, debido a que los \u00edndices en la provincia de Chiriqu\u00ed alcanzan el 9% de infestaci\u00f3n, cifra muy alta como consecuencia del periodo de lluvia. <\/p>\n<p>Solo en la semana que termina se detectaron 5,080 criaderos de Aedes en 3,063 viviendas visitadas por los inspectores del Control de Vectores. <\/p>\n<p>Camarena indic\u00f3 que en el distrito de David se ha detectado cantidad de criaderos en el corregimiento de Pedregal, David y Las Lomas; mientras que en Bugaba el mayor n\u00famero de casos se registran en La Concepci\u00f3n cabecera.\u00a0 @nacionalFm <\/p>\n<p>\u00a0 <\/p>\n","protected":false},"excerpt":{"rendered":"<p>Unos 40,000 d\u00f3lares en concepto de multas ha impuesto el <a href=\"https:\/\/sertv.gob.pa\/nacionalfm\/multas-por-mas-de-40-000-por-focos-de-aedes-aegipty\/\"> [&#8230;]<\/a><\/p>\n","protected":false},"author":1,"featured_media":280,"comment_status":"closed","ping_status":"closed","sticky":false,"template":"","format":"standard","meta":{"footnotes":""},"categories":[5],"tags":[],"class_list":["post-279","post","type-post","status-publish","format-standard","has-post-thumbnail","hentry","category-salud"],"_links":{"self":[{"href":"https:\/\/sertv.gob.pa\/nacionalfm\/wp-json\/wp\/v2\/posts\/279","targetHints":{"allow":["GET"]}}],"collection":[{"href":"https:\/\/sertv.gob.pa\/nacionalfm\/wp-json\/wp\/v2\/posts"}],"about":[{"href":"https:\/\/sertv.gob.pa\/nacionalfm\/wp-json\/wp\/v2\/types\/post"}],"author":[{"embeddable":true,"href":"https:\/\/sertv.gob.pa\/nacionalfm\/wp-json\/wp\/v2\/users\/1"}],"replies":[{"embeddable":true,"href":"https:\/\/sertv.gob.pa\/nacionalfm\/wp-json\/wp\/v2\/comments?post=279"}],"version-history":[{"count":0,"href":"https:\/\/sertv.gob.pa\/nacionalfm\/wp-json\/wp\/v2\/posts\/279\/revisions"}],"wp:featuredmedia":[{"embeddable":true,"href":"https:\/\/sertv.gob.pa\/nacionalfm\/wp-json\/wp\/v2\/media\/280"}],"wp:attachment":[{"href":"https:\/\/sertv.gob.pa\/nacionalfm\/wp-json\/wp\/v2\/media?parent=279"}],"wp:term":[{"taxonomy":"category","embeddable":true,"href":"https:\/\/sertv.gob.pa\/nacionalfm\/wp-json\/wp\/v2\/categories?post=279"},{"taxonomy":"post_tag","embeddable":true,"href":"https:\/\/sertv.gob.pa\/nacionalfm\/wp-json\/wp\/v2\/tags?post=279"}],"curies":[{"name":"wp","href":"https:\/\/api.w.org\/{rel}","templated":true}]}}