{"id":28167,"date":"2018-04-29T18:54:13","date_gmt":"2018-04-29T18:54:13","guid":{"rendered":""},"modified":"2018-04-29T18:54:13","modified_gmt":"2018-04-29T18:54:13","slug":"dictan-talleres-didacticos-sobre-convivencia-a-ninos-de-boquete","status":"publish","type":"post","link":"https:\/\/sertv.gob.pa\/nacionalfm\/dictan-talleres-didacticos-sobre-convivencia-a-ninos-de-boquete\/","title":{"rendered":"Dictan talleres did\u00e1cticos sobre Convivencia a ni\u00f1os de Boquete"},"content":{"rendered":"<p>\nUna jornada de conferencias y talleres did\u00e1cticos sobre  &ldquo;Competencias   para la Convivencia&rdquo;,  se encuentra impartiendo unidades del Benem\u00e9rito Cuerpo de Bomberos de la Rep\u00fablica de Panam\u00e1, Zona Regional de Bugaba, a ni\u00f1os del Centro B\u00e1sico General Josefa Montero de V\u00e1squez, en Boquete. <\/p>\n<p>Los talleres, est\u00e1n siendo dictados por el Cabo Segundo Jaime Cede\u00f1o, quien es el enlace de la red intersectorial y del comit\u00e9 de pol\u00edticas p\u00fablicas de la juventud y la familia que coordina el Ministerio de Desarrollo Social (MIDES). <\/p>\n<p>Durante las jornadas de conferencias, los ni\u00f1os aprenden sobre la importancia de relacionarse de forma arm\u00f3nica con otros, trabajar de manera colaborativa, reconocer, valorar la diversidad social y cultural, entre otros temas. <\/p>\n","protected":false},"excerpt":{"rendered":"<p>Una jornada de conferencias y talleres did\u00e1cticos sobre &ldquo;Competencias para <a href=\"https:\/\/sertv.gob.pa\/nacionalfm\/dictan-talleres-didacticos-sobre-convivencia-a-ninos-de-boquete\/\"> [&#8230;]<\/a><\/p>\n","protected":false},"author":1,"featured_media":28168,"comment_status":"closed","ping_status":"closed","sticky":false,"template":"","format":"standard","meta":{"footnotes":""},"categories":[2],"tags":[],"class_list":["post-28167","post","type-post","status-publish","format-standard","has-post-thumbnail","hentry","category-nacionales"],"_links":{"self":[{"href":"https:\/\/sertv.gob.pa\/nacionalfm\/wp-json\/wp\/v2\/posts\/28167","targetHints":{"allow":["GET"]}}],"collection":[{"href":"https:\/\/sertv.gob.pa\/nacionalfm\/wp-json\/wp\/v2\/posts"}],"about":[{"href":"https:\/\/sertv.gob.pa\/nacionalfm\/wp-json\/wp\/v2\/types\/post"}],"author":[{"embeddable":true,"href":"https:\/\/sertv.gob.pa\/nacionalfm\/wp-json\/wp\/v2\/users\/1"}],"replies":[{"embeddable":true,"href":"https:\/\/sertv.gob.pa\/nacionalfm\/wp-json\/wp\/v2\/comments?post=28167"}],"version-history":[{"count":0,"href":"https:\/\/sertv.gob.pa\/nacionalfm\/wp-json\/wp\/v2\/posts\/28167\/revisions"}],"wp:featuredmedia":[{"embeddable":true,"href":"https:\/\/sertv.gob.pa\/nacionalfm\/wp-json\/wp\/v2\/media\/28168"}],"wp:attachment":[{"href":"https:\/\/sertv.gob.pa\/nacionalfm\/wp-json\/wp\/v2\/media?parent=28167"}],"wp:term":[{"taxonomy":"category","embeddable":true,"href":"https:\/\/sertv.gob.pa\/nacionalfm\/wp-json\/wp\/v2\/categories?post=28167"},{"taxonomy":"post_tag","embeddable":true,"href":"https:\/\/sertv.gob.pa\/nacionalfm\/wp-json\/wp\/v2\/tags?post=28167"}],"curies":[{"name":"wp","href":"https:\/\/api.w.org\/{rel}","templated":true}]}}