{"id":2846,"date":"2014-11-29T05:00:00","date_gmt":"2014-11-29T05:00:00","guid":{"rendered":""},"modified":"2014-11-29T05:00:00","modified_gmt":"2014-11-29T05:00:00","slug":"vaporear-perjudicial-para-la-salud","status":"publish","type":"post","link":"https:\/\/sertv.gob.pa\/nacionalfm\/vaporear-perjudicial-para-la-salud\/","title":{"rendered":"Vaporear, perjudicial para la salud"},"content":{"rendered":"<p>\nLos vapores de los cigarrillos electr\u00f3nicos contienen sustancias cancer\u00edgenas en cantidades muy variables que pueden superar las concentraciones del humo de cigarrillo tradicional, seg\u00fan un estudio japon\u00e9s difundido el jueves. <\/p>\n<p>De acuerdo con el documento sin conclusiones definitivas, los vapores absorbidos contienen entre otros a menudo formaldeh\u00eddo, tambi\u00e9n llamado formol, que se considera favorecedor del c\u00e1ncer, acrole\u00edna, glioxal y tambi\u00e9n metilglioxal. <\/p>\n<p>&ldquo;Las tasas var\u00edan considerablemente de una marca a otra e, incluso, para una misma marca&rdquo;, destacaron los investigadores, que midieron las concentraciones de esas diferentes sustancias en cinco marcas. <\/p>\n<p>&ldquo;En una de las marcas analizadas, se encontr\u00f3 un nivel de formaldeh\u00eddo que lleg\u00f3 hasta 10 veces m\u00e1s que el contenido en un cigarrillo tradicional&rdquo;, explic\u00f3 Naoki Kunugita, que dirigi\u00f3 este estudio. <\/p>\n<p>El informe del Instituto Nacional de Salud P\u00fablica fue entregado el jueves al ministerio japon\u00e9s de Salud, que se pregunta, al igual que otros pa\u00edses, en qu\u00e9 medida es necesario regular el uso de los cigarrillos electr\u00f3nicos. <\/p>\n","protected":false},"excerpt":{"rendered":"<p>Los vapores de los cigarrillos electr\u00f3nicos contienen sustancias cancer\u00edgenas en <a href=\"https:\/\/sertv.gob.pa\/nacionalfm\/vaporear-perjudicial-para-la-salud\/\"> [&#8230;]<\/a><\/p>\n","protected":false},"author":1,"featured_media":2847,"comment_status":"closed","ping_status":"closed","sticky":false,"template":"","format":"standard","meta":{"footnotes":""},"categories":[5],"tags":[],"class_list":["post-2846","post","type-post","status-publish","format-standard","has-post-thumbnail","hentry","category-salud"],"_links":{"self":[{"href":"https:\/\/sertv.gob.pa\/nacionalfm\/wp-json\/wp\/v2\/posts\/2846","targetHints":{"allow":["GET"]}}],"collection":[{"href":"https:\/\/sertv.gob.pa\/nacionalfm\/wp-json\/wp\/v2\/posts"}],"about":[{"href":"https:\/\/sertv.gob.pa\/nacionalfm\/wp-json\/wp\/v2\/types\/post"}],"author":[{"embeddable":true,"href":"https:\/\/sertv.gob.pa\/nacionalfm\/wp-json\/wp\/v2\/users\/1"}],"replies":[{"embeddable":true,"href":"https:\/\/sertv.gob.pa\/nacionalfm\/wp-json\/wp\/v2\/comments?post=2846"}],"version-history":[{"count":0,"href":"https:\/\/sertv.gob.pa\/nacionalfm\/wp-json\/wp\/v2\/posts\/2846\/revisions"}],"wp:featuredmedia":[{"embeddable":true,"href":"https:\/\/sertv.gob.pa\/nacionalfm\/wp-json\/wp\/v2\/media\/2847"}],"wp:attachment":[{"href":"https:\/\/sertv.gob.pa\/nacionalfm\/wp-json\/wp\/v2\/media?parent=2846"}],"wp:term":[{"taxonomy":"category","embeddable":true,"href":"https:\/\/sertv.gob.pa\/nacionalfm\/wp-json\/wp\/v2\/categories?post=2846"},{"taxonomy":"post_tag","embeddable":true,"href":"https:\/\/sertv.gob.pa\/nacionalfm\/wp-json\/wp\/v2\/tags?post=2846"}],"curies":[{"name":"wp","href":"https:\/\/api.w.org\/{rel}","templated":true}]}}