{"id":2868,"date":"2014-12-02T05:00:00","date_gmt":"2014-12-02T05:00:00","guid":{"rendered":""},"modified":"2014-12-02T05:00:00","modified_gmt":"2014-12-02T05:00:00","slug":"incrementan-capacidad-de-sala-para-el-virus-ebola","status":"publish","type":"post","link":"https:\/\/sertv.gob.pa\/nacionalfm\/incrementan-capacidad-de-sala-para-el-virus-ebola\/","title":{"rendered":"Incrementan capacidad de sala para el virus \u00e9bola"},"content":{"rendered":"<p>\nEl Ministerio de Salud (Minsa) increment\u00f3 de 2 a 5 el n\u00famero de cub\u00edculos habilitados en la sala de aislamiento del hospital Irma Tzanetatos, corregimiento 24 de Diciembre, donde se atender\u00e1n posibles afectados por \u00e9bola. <\/p>\n<p>Gabriel Cede\u00f1o, asesor de infraestructura del Minsa, explic\u00f3 que la sala tiene todos los mecanismos de bioseguridad requeridos para disminuir al m\u00e1ximo los peligros de contagio. <\/p>\n<p>A\u00f1adi\u00f3 que se destin\u00f3 un espacio para aislar al funcionario de salud con sospechas de haberse contagiado al brindar atenci\u00f3n a un paciente, y que se dispone de mecanismos para vigilar el cumplimiento de los 30 pasos que debe seguir el personal que se ponga o retire el equipo de seguridad. <\/p>\n<p>La sala, compra de insumos y la instrucci\u00f3n del personal son parte de las acciones que adelanta el Minsa para enfrentar el virus. <\/p>\n<p>La Asamblea Nacional aprob\u00f3 la semana pasada un traslado de partida de $9 millones para este trabajo. <\/p>\n<p>\u00a0 <\/p>\n","protected":false},"excerpt":{"rendered":"<p>El Ministerio de Salud (Minsa) increment\u00f3 de 2 a 5 <a href=\"https:\/\/sertv.gob.pa\/nacionalfm\/incrementan-capacidad-de-sala-para-el-virus-ebola\/\"> [&#8230;]<\/a><\/p>\n","protected":false},"author":1,"featured_media":2869,"comment_status":"closed","ping_status":"closed","sticky":false,"template":"","format":"standard","meta":{"footnotes":""},"categories":[5],"tags":[],"class_list":["post-2868","post","type-post","status-publish","format-standard","has-post-thumbnail","hentry","category-salud"],"_links":{"self":[{"href":"https:\/\/sertv.gob.pa\/nacionalfm\/wp-json\/wp\/v2\/posts\/2868","targetHints":{"allow":["GET"]}}],"collection":[{"href":"https:\/\/sertv.gob.pa\/nacionalfm\/wp-json\/wp\/v2\/posts"}],"about":[{"href":"https:\/\/sertv.gob.pa\/nacionalfm\/wp-json\/wp\/v2\/types\/post"}],"author":[{"embeddable":true,"href":"https:\/\/sertv.gob.pa\/nacionalfm\/wp-json\/wp\/v2\/users\/1"}],"replies":[{"embeddable":true,"href":"https:\/\/sertv.gob.pa\/nacionalfm\/wp-json\/wp\/v2\/comments?post=2868"}],"version-history":[{"count":0,"href":"https:\/\/sertv.gob.pa\/nacionalfm\/wp-json\/wp\/v2\/posts\/2868\/revisions"}],"wp:featuredmedia":[{"embeddable":true,"href":"https:\/\/sertv.gob.pa\/nacionalfm\/wp-json\/wp\/v2\/media\/2869"}],"wp:attachment":[{"href":"https:\/\/sertv.gob.pa\/nacionalfm\/wp-json\/wp\/v2\/media?parent=2868"}],"wp:term":[{"taxonomy":"category","embeddable":true,"href":"https:\/\/sertv.gob.pa\/nacionalfm\/wp-json\/wp\/v2\/categories?post=2868"},{"taxonomy":"post_tag","embeddable":true,"href":"https:\/\/sertv.gob.pa\/nacionalfm\/wp-json\/wp\/v2\/tags?post=2868"}],"curies":[{"name":"wp","href":"https:\/\/api.w.org\/{rel}","templated":true}]}}