{"id":2874,"date":"2014-12-02T05:00:00","date_gmt":"2014-12-02T05:00:00","guid":{"rendered":""},"modified":"2014-12-02T05:00:00","modified_gmt":"2014-12-02T05:00:00","slug":"gran-progreso-contra-el-virus-del-sida","status":"publish","type":"post","link":"https:\/\/sertv.gob.pa\/nacionalfm\/gran-progreso-contra-el-virus-del-sida\/","title":{"rendered":"Gran progreso contra el virus del sida"},"content":{"rendered":"<p>\nBan Ki-moon, secretario general de la ONU, destac\u00f3 el tremendo progreso logrado en la lucha contra el sida y llam\u00f3 a hacer realidad el compromiso de terminar con la epidemia para 2030. <\/p>\n<p>Hemos iniciado a cambiar el rumbo, se\u00f1al\u00f3 Ban en un mensaje con motivo del D\u00eda Mundial de la Lucha contra el Sida, en el que se declar\u00f3 satisfecho y orgulloso de los avances realizados en ese sentido. <\/p>\n<p>El diplom\u00e1tico surcoreano destac\u00f3 que 14 millones de personas reciben ya tratamiento contra el VIH, que las infecciones se han disminuido en un 38% desde 2001 y que se han prevenido 1.16 millones de infecciones en reci\u00e9n nacidos gracias al uso de antirretrovirales. <\/p>\n<p>Ban asegur\u00f3, asimismo, que ese progreso est\u00e1 aceler\u00e1ndose y debe permitir, entre otras cosas, eliminar totalmente la transmisi\u00f3n de madres a hijos en los pr\u00f3ximos a\u00f1os. <\/p>\n<p>Pese a ello, record\u00f3 que hay en el mundo unos 35 millones de personas que viven con el VIH y que 19 millones de ellos no saben que son portadores del virus. <\/p>\n<p>\u00a0 <\/p>\n<p>\u00a0 <\/p>\n","protected":false},"excerpt":{"rendered":"<p>Ban Ki-moon, secretario general de la ONU, destac\u00f3 el tremendo <a href=\"https:\/\/sertv.gob.pa\/nacionalfm\/gran-progreso-contra-el-virus-del-sida\/\"> [&#8230;]<\/a><\/p>\n","protected":false},"author":1,"featured_media":2875,"comment_status":"closed","ping_status":"closed","sticky":false,"template":"","format":"standard","meta":{"footnotes":""},"categories":[5],"tags":[],"class_list":["post-2874","post","type-post","status-publish","format-standard","has-post-thumbnail","hentry","category-salud"],"_links":{"self":[{"href":"https:\/\/sertv.gob.pa\/nacionalfm\/wp-json\/wp\/v2\/posts\/2874","targetHints":{"allow":["GET"]}}],"collection":[{"href":"https:\/\/sertv.gob.pa\/nacionalfm\/wp-json\/wp\/v2\/posts"}],"about":[{"href":"https:\/\/sertv.gob.pa\/nacionalfm\/wp-json\/wp\/v2\/types\/post"}],"author":[{"embeddable":true,"href":"https:\/\/sertv.gob.pa\/nacionalfm\/wp-json\/wp\/v2\/users\/1"}],"replies":[{"embeddable":true,"href":"https:\/\/sertv.gob.pa\/nacionalfm\/wp-json\/wp\/v2\/comments?post=2874"}],"version-history":[{"count":0,"href":"https:\/\/sertv.gob.pa\/nacionalfm\/wp-json\/wp\/v2\/posts\/2874\/revisions"}],"wp:featuredmedia":[{"embeddable":true,"href":"https:\/\/sertv.gob.pa\/nacionalfm\/wp-json\/wp\/v2\/media\/2875"}],"wp:attachment":[{"href":"https:\/\/sertv.gob.pa\/nacionalfm\/wp-json\/wp\/v2\/media?parent=2874"}],"wp:term":[{"taxonomy":"category","embeddable":true,"href":"https:\/\/sertv.gob.pa\/nacionalfm\/wp-json\/wp\/v2\/categories?post=2874"},{"taxonomy":"post_tag","embeddable":true,"href":"https:\/\/sertv.gob.pa\/nacionalfm\/wp-json\/wp\/v2\/tags?post=2874"}],"curies":[{"name":"wp","href":"https:\/\/api.w.org\/{rel}","templated":true}]}}