{"id":2878,"date":"2014-12-02T05:00:00","date_gmt":"2014-12-02T05:00:00","guid":{"rendered":""},"modified":"2014-12-02T05:00:00","modified_gmt":"2014-12-02T05:00:00","slug":"epidemia-de-ebola-se-estabiliza","status":"publish","type":"post","link":"https:\/\/sertv.gob.pa\/nacionalfm\/epidemia-de-ebola-se-estabiliza\/","title":{"rendered":"Epidemia de \u00e9bola se estabiliza"},"content":{"rendered":"<p>\nSeg\u00fan la Organizaci\u00f3n Mundial de la Salud (OMS), la epidemia de \u00e9bola se ha estabilizado en los tres pa\u00edses de \u00c1frica Occidental m\u00e1s afectados, con excepci\u00f3n de \u00e1reas del oeste de Sierra Leona, pero llegar al objetivo final de cero casos tomar\u00e1 al menos hasta mediados del pr\u00f3ximo a\u00f1o. <\/p>\n<p>As\u00ed lo declar\u00f3 el director general adjunto de la Organizaci\u00f3n a cargo de la respuesta operacional a la epidemia, Bruce Aylward, luego de anunciar que se ha alcanzado el prop\u00f3sito de aislar y tratar al 70% de infectados de \u00e9bola y que el 70% de entierros se hagan de manera segura en Liberia, Sierra Leona y Guinea Conakry. <\/p>\n<p>Estos objetivos se han logrado dentro del plazo de 60 d\u00edas y ahora los expertos apuntan a una cobertura del 100% en ambas situaciones a principios de enero. <\/p>\n<p>M\u00e1s de 16,000 personas han contra\u00eddo el \u00e9bola durante esta epidemia, cuyo primer caso sucedi\u00f3 hace casi un a\u00f1o, de las cuales alrededor de 7,000 han fallecido. <\/p>\n<p>\u00a0 <\/p>\n","protected":false},"excerpt":{"rendered":"<p>Seg\u00fan la Organizaci\u00f3n Mundial de la Salud (OMS), la epidemia <a href=\"https:\/\/sertv.gob.pa\/nacionalfm\/epidemia-de-ebola-se-estabiliza\/\"> [&#8230;]<\/a><\/p>\n","protected":false},"author":1,"featured_media":2879,"comment_status":"closed","ping_status":"closed","sticky":false,"template":"","format":"standard","meta":{"footnotes":""},"categories":[5],"tags":[],"class_list":["post-2878","post","type-post","status-publish","format-standard","has-post-thumbnail","hentry","category-salud"],"_links":{"self":[{"href":"https:\/\/sertv.gob.pa\/nacionalfm\/wp-json\/wp\/v2\/posts\/2878","targetHints":{"allow":["GET"]}}],"collection":[{"href":"https:\/\/sertv.gob.pa\/nacionalfm\/wp-json\/wp\/v2\/posts"}],"about":[{"href":"https:\/\/sertv.gob.pa\/nacionalfm\/wp-json\/wp\/v2\/types\/post"}],"author":[{"embeddable":true,"href":"https:\/\/sertv.gob.pa\/nacionalfm\/wp-json\/wp\/v2\/users\/1"}],"replies":[{"embeddable":true,"href":"https:\/\/sertv.gob.pa\/nacionalfm\/wp-json\/wp\/v2\/comments?post=2878"}],"version-history":[{"count":0,"href":"https:\/\/sertv.gob.pa\/nacionalfm\/wp-json\/wp\/v2\/posts\/2878\/revisions"}],"wp:featuredmedia":[{"embeddable":true,"href":"https:\/\/sertv.gob.pa\/nacionalfm\/wp-json\/wp\/v2\/media\/2879"}],"wp:attachment":[{"href":"https:\/\/sertv.gob.pa\/nacionalfm\/wp-json\/wp\/v2\/media?parent=2878"}],"wp:term":[{"taxonomy":"category","embeddable":true,"href":"https:\/\/sertv.gob.pa\/nacionalfm\/wp-json\/wp\/v2\/categories?post=2878"},{"taxonomy":"post_tag","embeddable":true,"href":"https:\/\/sertv.gob.pa\/nacionalfm\/wp-json\/wp\/v2\/tags?post=2878"}],"curies":[{"name":"wp","href":"https:\/\/api.w.org\/{rel}","templated":true}]}}