{"id":2882,"date":"2014-12-02T05:00:00","date_gmt":"2014-12-02T05:00:00","guid":{"rendered":""},"modified":"2014-12-02T05:00:00","modified_gmt":"2014-12-02T05:00:00","slug":"en-ensayo-clinico-vacuna-experimental-contra-ebola-muestra-buena-tolerancia","status":"publish","type":"post","link":"https:\/\/sertv.gob.pa\/nacionalfm\/en-ensayo-clinico-vacuna-experimental-contra-ebola-muestra-buena-tolerancia\/","title":{"rendered":"En ensayo cl\u00ednico, vacuna contra \u00e9bola muestra buena tolerancia"},"content":{"rendered":"<p>\nLos primeros 34 voluntarios que participaron en el ensayo cl\u00ednico de una vacuna contra el \u00e9bola mostraron una buena tolerancia y no se observaron efectos secundarios preocupantes, comunicaron representantes \u00a0del Hospital Cantonal de Ginebra, a cargo de estas pruebas. <\/p>\n<p>El centro hospitalario inici\u00f3 este ensayo, a petici\u00f3n de la Organizaci\u00f3n Mundial de la Salud (OMS), el pasado 10 de noviembre con la vacuna experimental VSV-ZEBOV, desarrollada por la Agencia de Salud P\u00fablica de Canad\u00e1. <\/p>\n<p>El Comit\u00e9 de \u00c9tica de la OMS evalu\u00f3 los medicamentos y vacunas experimentales con m\u00e1s posibilidades de ser producidas r\u00e1pidamente y consider\u00f3 que se pod\u00edan acelerar los ensayos con ciertos productos, entre ellos la vacuna que se prueba en Ginebra. <\/p>\n<p>El hospital se\u00f1al\u00f3 que luego de recibir la vacuna, los voluntarios se quedaron bajo observaci\u00f3n durante una hora y media para detectar cualquier s\u00edntoma al\u00e9rgico, esencialmente, ya que son los primeros que aparecen en caso de efectos secundarios. <\/p>\n<p>\u00abHasta ahora no se ha observado ning\u00fan efecto secundario preocupante: las inyecciones provocaron respuestas inflamatorias que se esperaban. Estas fueron de intensidad d\u00e9bil a moderada\u00bb, precis\u00f3 el equipo a cargo de este ensayo, que planea realizarse con un total de 115 voluntarios. <\/p>\n<p>Cada inyecci\u00f3n contiene de 10 a 50 millones de part\u00edcula de la vacuna. <\/p>\n<p>Algunos voluntarios recibieron, en cambio, un placebo, pero todos fueron observados y recibir\u00e1n un seguimiento similar, que incluye controles durante los tres primeros d\u00edas despu\u00e9s de recibir la vacuna en visitas que duran entre 20 y 30 minutos. <\/p>\n<p>Esas entrevistas mostraron que los voluntarios respondieron a la vacuna con una reacci\u00f3n inflamatoria que dur\u00f3 desde algunas horas hasta dos o tres d\u00edas, pero sin ning\u00fan efecto <\/p>\n<p>\u00a0 <\/p>\n","protected":false},"excerpt":{"rendered":"<p>Los primeros 34 voluntarios que participaron en el ensayo cl\u00ednico <a href=\"https:\/\/sertv.gob.pa\/nacionalfm\/en-ensayo-clinico-vacuna-experimental-contra-ebola-muestra-buena-tolerancia\/\"> [&#8230;]<\/a><\/p>\n","protected":false},"author":1,"featured_media":2883,"comment_status":"closed","ping_status":"closed","sticky":false,"template":"","format":"standard","meta":{"footnotes":""},"categories":[5],"tags":[],"class_list":["post-2882","post","type-post","status-publish","format-standard","has-post-thumbnail","hentry","category-salud"],"_links":{"self":[{"href":"https:\/\/sertv.gob.pa\/nacionalfm\/wp-json\/wp\/v2\/posts\/2882","targetHints":{"allow":["GET"]}}],"collection":[{"href":"https:\/\/sertv.gob.pa\/nacionalfm\/wp-json\/wp\/v2\/posts"}],"about":[{"href":"https:\/\/sertv.gob.pa\/nacionalfm\/wp-json\/wp\/v2\/types\/post"}],"author":[{"embeddable":true,"href":"https:\/\/sertv.gob.pa\/nacionalfm\/wp-json\/wp\/v2\/users\/1"}],"replies":[{"embeddable":true,"href":"https:\/\/sertv.gob.pa\/nacionalfm\/wp-json\/wp\/v2\/comments?post=2882"}],"version-history":[{"count":0,"href":"https:\/\/sertv.gob.pa\/nacionalfm\/wp-json\/wp\/v2\/posts\/2882\/revisions"}],"wp:featuredmedia":[{"embeddable":true,"href":"https:\/\/sertv.gob.pa\/nacionalfm\/wp-json\/wp\/v2\/media\/2883"}],"wp:attachment":[{"href":"https:\/\/sertv.gob.pa\/nacionalfm\/wp-json\/wp\/v2\/media?parent=2882"}],"wp:term":[{"taxonomy":"category","embeddable":true,"href":"https:\/\/sertv.gob.pa\/nacionalfm\/wp-json\/wp\/v2\/categories?post=2882"},{"taxonomy":"post_tag","embeddable":true,"href":"https:\/\/sertv.gob.pa\/nacionalfm\/wp-json\/wp\/v2\/tags?post=2882"}],"curies":[{"name":"wp","href":"https:\/\/api.w.org\/{rel}","templated":true}]}}